{"id":1796,"date":"2021-03-23T17:49:21","date_gmt":"2021-03-23T15:49:21","guid":{"rendered":"https:\/\/uusimeidanmetsamme.jlehtinen.net\/?p=1796"},"modified":"2021-03-23T17:49:21","modified_gmt":"2021-03-23T15:49:21","slug":"verkkosivumme-ovat-uudistuneet","status":"publish","type":"post","link":"https:\/\/meidanmetsamme.org\/index.php\/2021\/03\/23\/verkkosivumme-ovat-uudistuneet\/","title":{"rendered":"Verkkosivumme ovat uudistuneet"},"content":{"rendered":"\n<p>Meid\u00e4n mets\u00e4mme -kansalaisliikkeell\u00e4 on uudet verkkosivut. Uudistuneet sivut kuvaavat paremmin nykyist\u00e4 toimintaa. Niill\u00e4 esitell\u00e4\u00e4n selke\u00e4mmin toiminnan kirjo, joka kattaa mets\u00e4dialogit, vaikuttamisty\u00f6n ja toimintaohjeet. Lis\u00e4ksi sivut esittelev\u00e4t kattavammin toiminnan historiaa, mukana olevia toimijoita ja mahdollisuuksia osallistua toimintaan.<\/p>\n\n\n\n<p>Edelliset sivut rakentuivat lokakuussa 2018 Helsingiss\u00e4 j\u00e4rjestetyn Meid\u00e4n mets\u00e4mme -kannanoton ymp\u00e4rille. Sittemmin toiminta on laajentunut ja vakiintunut.<\/p>\n\n\n\n<p>Palautetta uusista sivuista voi laittaa info (at) meidanmetsamme.org tai eeva.houtbeckers (at) aalto.fi<\/p>\n\n\n\n<p>Verkkosivujen lis\u00e4ksi Meid\u00e4n mets\u00e4mme -kansalaisliike tuottaa ajankohtaista sis\u00e4lt\u00f6\u00e4 sosiaalisessa mediassa sek\u00e4 kahdella s\u00e4hk\u00f6postilistalla, joista suurempi keskittyy tiedotukseen ja pienempi ajankohtaiseen keskusteluun. Listoille voi liitty\u00e4 l\u00e4hett\u00e4m\u00e4ll\u00e4 viestin info (at) meidanmetsamme.org tai eeva.houtbeckers (at) aalto.fi.<\/p>\n\n\n\n<p>Sosiaalisen mediassa Meid\u00e4n mets\u00e4mme -kuulumisia l\u00f6yt\u00e4\u00e4 Twitterist\u00e4, Facebookista ja Instagramista:<\/p>\n\n\n\n<p><a href=\"https:\/\/twitter.com\/MMetsamme\">https:\/\/twitter.com\/MMetsamme<\/a><\/p>\n\n\n\n<p><a href=\"https:\/\/www.facebook.com\/MMetsamme\">https:\/\/www.facebook.com\/MMetsamme<\/a><\/p>\n\n\n\n<p><a rel=\"noreferrer noopener\" href=\"https:\/\/twitter.com\/MMetsammehttps:\/\/www.facebook.com\/MMetsammehttps:\/\/www.instagram.com\/mmetsamme\/\" target=\"_blank\">https:\/\/www.instagram.com\/mmetsamme\/<\/a><a rel=\"noreferrer noopener\" href=\"https:\/\/www.instagram.com\/mmetsamme\/\" target=\"_blank\">https:\/\/www.instagram.com\/mmetsamme\/<\/a><\/p>\n\n\n\n<p>Teksti: Eeva Houtbeckers<\/p>\n","protected":false},"excerpt":{"rendered":"<p>Meid\u00e4n mets\u00e4mme -kansalaisliikkeell\u00e4 on uudet verkkosivut. Uudistuneet sivut kuvaavat paremmin nykyist\u00e4 toimintaa. Niill\u00e4 esitell\u00e4\u00e4n selke\u00e4mmin toiminnan kirjo, joka kattaa mets\u00e4dialogit, vaikuttamisty\u00f6n ja toimintaohjeet. Lis\u00e4ksi sivut esittelev\u00e4t kattavammin toiminnan historiaa, mukana olevia toimijoita ja mahdollisuuksia osallistua toimintaan. Edelliset sivut rakentuivat lokakuussa 2018 Helsingiss\u00e4 j\u00e4rjestetyn Meid\u00e4n mets\u00e4mme -kannanoton ymp\u00e4rille. Sittemmin toiminta on laajentunut ja vakiintunut. Palautetta uusista&hellip; <a class=\"more-link\" href=\"https:\/\/meidanmetsamme.org\/index.php\/2021\/03\/23\/verkkosivumme-ovat-uudistuneet\/\">Jatka lukemista <span class=\"screen-reader-text\">Verkkosivumme ovat uudistuneet<\/span><\/a><\/p>\n","protected":false},"author":4,"featured_media":0,"comment_status":"closed","ping_status":"closed","sticky":false,"template":"","format":"standard","meta":{"footnotes":""},"categories":[62],"tags":[],"class_list":["post-1796","post","type-post","status-publish","format-standard","hentry","category-blogi","entry"],"yoast_head":"<!-- This site is optimized with the Yoast SEO plugin v27.4 - https:\/\/yoast.com\/product\/yoast-seo-wordpress\/ -->\n<title>Verkkosivumme ovat uudistuneet - MEID\u00c4N METS\u00c4MME \u2011kansalaisliike<\/title>\n<meta name=\"robots\" content=\"index, follow, max-snippet:-1, max-image-preview:large, max-video-preview:-1\" \/>\n<link rel=\"canonical\" href=\"https:\/\/meidanmetsamme.org\/index.php\/2021\/03\/23\/verkkosivumme-ovat-uudistuneet\/\" \/>\n<meta property=\"og:locale\" content=\"fi_FI\" \/>\n<meta property=\"og:type\" content=\"article\" \/>\n<meta property=\"og:title\" content=\"Verkkosivumme ovat uudistuneet - MEID\u00c4N METS\u00c4MME \u2011kansalaisliike\" \/>\n<meta property=\"og:description\" content=\"Meid\u00e4n mets\u00e4mme -kansalaisliikkeell\u00e4 on uudet verkkosivut. Uudistuneet sivut kuvaavat paremmin nykyist\u00e4 toimintaa. Niill\u00e4 esitell\u00e4\u00e4n selke\u00e4mmin toiminnan kirjo, joka kattaa mets\u00e4dialogit, vaikuttamisty\u00f6n ja toimintaohjeet. Lis\u00e4ksi sivut esittelev\u00e4t kattavammin toiminnan historiaa, mukana olevia toimijoita ja mahdollisuuksia osallistua toimintaan. Edelliset sivut rakentuivat lokakuussa 2018 Helsingiss\u00e4 j\u00e4rjestetyn Meid\u00e4n mets\u00e4mme -kannanoton ymp\u00e4rille. Sittemmin toiminta on laajentunut ja vakiintunut. Palautetta uusista&hellip; Jatka lukemista Verkkosivumme ovat uudistuneet\" \/>\n<meta property=\"og:url\" content=\"https:\/\/meidanmetsamme.org\/index.php\/2021\/03\/23\/verkkosivumme-ovat-uudistuneet\/\" \/>\n<meta property=\"og:site_name\" content=\"MEID\u00c4N METS\u00c4MME \u2011kansalaisliike\" \/>\n<meta property=\"article:published_time\" content=\"2021-03-23T15:49:21+00:00\" \/>\n<meta name=\"author\" content=\"Margit\" \/>\n<meta name=\"twitter:card\" content=\"summary_large_image\" \/>\n<meta name=\"twitter:label1\" content=\"Kirjoittanut\" \/>\n\t<meta name=\"twitter:data1\" content=\"Margit\" \/>\n\t<meta name=\"twitter:label2\" content=\"Arvioitu lukuaika\" \/>\n\t<meta name=\"twitter:data2\" content=\"1 minuutti\" \/>\n<script type=\"application\/ld+json\" class=\"yoast-schema-graph\">{\"@context\":\"https:\\\/\\\/schema.org\",\"@graph\":[{\"@type\":\"Article\",\"@id\":\"https:\\\/\\\/meidanmetsamme.org\\\/index.php\\\/2021\\\/03\\\/23\\\/verkkosivumme-ovat-uudistuneet\\\/#article\",\"isPartOf\":{\"@id\":\"https:\\\/\\\/meidanmetsamme.org\\\/index.php\\\/2021\\\/03\\\/23\\\/verkkosivumme-ovat-uudistuneet\\\/\"},\"author\":{\"name\":\"Margit\",\"@id\":\"https:\\\/\\\/meidanmetsamme.org\\\/#\\\/schema\\\/person\\\/9711fda70f89e2b205a43fdf30381792\"},\"headline\":\"Verkkosivumme ovat uudistuneet\",\"datePublished\":\"2021-03-23T15:49:21+00:00\",\"mainEntityOfPage\":{\"@id\":\"https:\\\/\\\/meidanmetsamme.org\\\/index.php\\\/2021\\\/03\\\/23\\\/verkkosivumme-ovat-uudistuneet\\\/\"},\"wordCount\":162,\"publisher\":{\"@id\":\"https:\\\/\\\/meidanmetsamme.org\\\/#organization\"},\"articleSection\":[\"Blogi\"],\"inLanguage\":\"fi\"},{\"@type\":\"WebPage\",\"@id\":\"https:\\\/\\\/meidanmetsamme.org\\\/index.php\\\/2021\\\/03\\\/23\\\/verkkosivumme-ovat-uudistuneet\\\/\",\"url\":\"https:\\\/\\\/meidanmetsamme.org\\\/index.php\\\/2021\\\/03\\\/23\\\/verkkosivumme-ovat-uudistuneet\\\/\",\"name\":\"Verkkosivumme ovat uudistuneet - MEID\u00c4N METS\u00c4MME \u2011kansalaisliike\",\"isPartOf\":{\"@id\":\"https:\\\/\\\/meidanmetsamme.org\\\/#website\"},\"datePublished\":\"2021-03-23T15:49:21+00:00\",\"breadcrumb\":{\"@id\":\"https:\\\/\\\/meidanmetsamme.org\\\/index.php\\\/2021\\\/03\\\/23\\\/verkkosivumme-ovat-uudistuneet\\\/#breadcrumb\"},\"inLanguage\":\"fi\",\"potentialAction\":[{\"@type\":\"ReadAction\",\"target\":[\"https:\\\/\\\/meidanmetsamme.org\\\/index.php\\\/2021\\\/03\\\/23\\\/verkkosivumme-ovat-uudistuneet\\\/\"]}]},{\"@type\":\"BreadcrumbList\",\"@id\":\"https:\\\/\\\/meidanmetsamme.org\\\/index.php\\\/2021\\\/03\\\/23\\\/verkkosivumme-ovat-uudistuneet\\\/#breadcrumb\",\"itemListElement\":[{\"@type\":\"ListItem\",\"position\":1,\"name\":\"Home\",\"item\":\"https:\\\/\\\/meidanmetsamme.org\\\/\"},{\"@type\":\"ListItem\",\"position\":2,\"name\":\"Verkkosivumme ovat uudistuneet\"}]},{\"@type\":\"WebSite\",\"@id\":\"https:\\\/\\\/meidanmetsamme.org\\\/#website\",\"url\":\"https:\\\/\\\/meidanmetsamme.org\\\/\",\"name\":\"MEID\u00c4N METS\u00c4MME \u2011kansalaisliike\",\"description\":\"Pidet\u00e4\u00e4n metsist\u00e4mme parempaa huolta\",\"publisher\":{\"@id\":\"https:\\\/\\\/meidanmetsamme.org\\\/#organization\"},\"potentialAction\":[{\"@type\":\"SearchAction\",\"target\":{\"@type\":\"EntryPoint\",\"urlTemplate\":\"https:\\\/\\\/meidanmetsamme.org\\\/?s={search_term_string}\"},\"query-input\":{\"@type\":\"PropertyValueSpecification\",\"valueRequired\":true,\"valueName\":\"search_term_string\"}}],\"inLanguage\":\"fi\"},{\"@type\":\"Organization\",\"@id\":\"https:\\\/\\\/meidanmetsamme.org\\\/#organization\",\"name\":\"MEID\u00c4N METS\u00c4MME \u2011kansalaisliike\",\"url\":\"https:\\\/\\\/meidanmetsamme.org\\\/\",\"logo\":{\"@type\":\"ImageObject\",\"inLanguage\":\"fi\",\"@id\":\"https:\\\/\\\/meidanmetsamme.org\\\/#\\\/schema\\\/logo\\\/image\\\/\",\"url\":\"https:\\\/\\\/meidanmetsamme.org\\\/wp-content\\\/uploads\\\/2019\\\/10\\\/cropped-meidanmetsamme-logo-ellipse-200px.png\",\"contentUrl\":\"https:\\\/\\\/meidanmetsamme.org\\\/wp-content\\\/uploads\\\/2019\\\/10\\\/cropped-meidanmetsamme-logo-ellipse-200px.png\",\"width\":200,\"height\":123,\"caption\":\"MEID\u00c4N METS\u00c4MME \u2011kansalaisliike\"},\"image\":{\"@id\":\"https:\\\/\\\/meidanmetsamme.org\\\/#\\\/schema\\\/logo\\\/image\\\/\"}},{\"@type\":\"Person\",\"@id\":\"https:\\\/\\\/meidanmetsamme.org\\\/#\\\/schema\\\/person\\\/9711fda70f89e2b205a43fdf30381792\",\"name\":\"Margit\",\"url\":\"https:\\\/\\\/meidanmetsamme.org\\\/index.php\\\/author\\\/margit\\\/\"}]}<\/script>\n<!-- \/ Yoast SEO plugin. -->","yoast_head_json":{"title":"Verkkosivumme ovat uudistuneet - MEID\u00c4N METS\u00c4MME \u2011kansalaisliike","robots":{"index":"index","follow":"follow","max-snippet":"max-snippet:-1","max-image-preview":"max-image-preview:large","max-video-preview":"max-video-preview:-1"},"canonical":"https:\/\/meidanmetsamme.org\/index.php\/2021\/03\/23\/verkkosivumme-ovat-uudistuneet\/","og_locale":"fi_FI","og_type":"article","og_title":"Verkkosivumme ovat uudistuneet - MEID\u00c4N METS\u00c4MME \u2011kansalaisliike","og_description":"Meid\u00e4n mets\u00e4mme -kansalaisliikkeell\u00e4 on uudet verkkosivut. Uudistuneet sivut kuvaavat paremmin nykyist\u00e4 toimintaa. Niill\u00e4 esitell\u00e4\u00e4n selke\u00e4mmin toiminnan kirjo, joka kattaa mets\u00e4dialogit, vaikuttamisty\u00f6n ja toimintaohjeet. Lis\u00e4ksi sivut esittelev\u00e4t kattavammin toiminnan historiaa, mukana olevia toimijoita ja mahdollisuuksia osallistua toimintaan. Edelliset sivut rakentuivat lokakuussa 2018 Helsingiss\u00e4 j\u00e4rjestetyn Meid\u00e4n mets\u00e4mme -kannanoton ymp\u00e4rille. Sittemmin toiminta on laajentunut ja vakiintunut. Palautetta uusista&hellip; Jatka lukemista Verkkosivumme ovat uudistuneet","og_url":"https:\/\/meidanmetsamme.org\/index.php\/2021\/03\/23\/verkkosivumme-ovat-uudistuneet\/","og_site_name":"MEID\u00c4N METS\u00c4MME \u2011kansalaisliike","article_published_time":"2021-03-23T15:49:21+00:00","author":"Margit","twitter_card":"summary_large_image","twitter_misc":{"Kirjoittanut":"Margit","Arvioitu lukuaika":"1 minuutti"},"schema":{"@context":"https:\/\/schema.org","@graph":[{"@type":"Article","@id":"https:\/\/meidanmetsamme.org\/index.php\/2021\/03\/23\/verkkosivumme-ovat-uudistuneet\/#article","isPartOf":{"@id":"https:\/\/meidanmetsamme.org\/index.php\/2021\/03\/23\/verkkosivumme-ovat-uudistuneet\/"},"author":{"name":"Margit","@id":"https:\/\/meidanmetsamme.org\/#\/schema\/person\/9711fda70f89e2b205a43fdf30381792"},"headline":"Verkkosivumme ovat uudistuneet","datePublished":"2021-03-23T15:49:21+00:00","mainEntityOfPage":{"@id":"https:\/\/meidanmetsamme.org\/index.php\/2021\/03\/23\/verkkosivumme-ovat-uudistuneet\/"},"wordCount":162,"publisher":{"@id":"https:\/\/meidanmetsamme.org\/#organization"},"articleSection":["Blogi"],"inLanguage":"fi"},{"@type":"WebPage","@id":"https:\/\/meidanmetsamme.org\/index.php\/2021\/03\/23\/verkkosivumme-ovat-uudistuneet\/","url":"https:\/\/meidanmetsamme.org\/index.php\/2021\/03\/23\/verkkosivumme-ovat-uudistuneet\/","name":"Verkkosivumme ovat uudistuneet - MEID\u00c4N METS\u00c4MME \u2011kansalaisliike","isPartOf":{"@id":"https:\/\/meidanmetsamme.org\/#website"},"datePublished":"2021-03-23T15:49:21+00:00","breadcrumb":{"@id":"https:\/\/meidanmetsamme.org\/index.php\/2021\/03\/23\/verkkosivumme-ovat-uudistuneet\/#breadcrumb"},"inLanguage":"fi","potentialAction":[{"@type":"ReadAction","target":["https:\/\/meidanmetsamme.org\/index.php\/2021\/03\/23\/verkkosivumme-ovat-uudistuneet\/"]}]},{"@type":"BreadcrumbList","@id":"https:\/\/meidanmetsamme.org\/index.php\/2021\/03\/23\/verkkosivumme-ovat-uudistuneet\/#breadcrumb","itemListElement":[{"@type":"ListItem","position":1,"name":"Home","item":"https:\/\/meidanmetsamme.org\/"},{"@type":"ListItem","position":2,"name":"Verkkosivumme ovat uudistuneet"}]},{"@type":"WebSite","@id":"https:\/\/meidanmetsamme.org\/#website","url":"https:\/\/meidanmetsamme.org\/","name":"MEID\u00c4N METS\u00c4MME \u2011kansalaisliike","description":"Pidet\u00e4\u00e4n metsist\u00e4mme parempaa huolta","publisher":{"@id":"https:\/\/meidanmetsamme.org\/#organization"},"potentialAction":[{"@type":"SearchAction","target":{"@type":"EntryPoint","urlTemplate":"https:\/\/meidanmetsamme.org\/?s={search_term_string}"},"query-input":{"@type":"PropertyValueSpecification","valueRequired":true,"valueName":"search_term_string"}}],"inLanguage":"fi"},{"@type":"Organization","@id":"https:\/\/meidanmetsamme.org\/#organization","name":"MEID\u00c4N METS\u00c4MME \u2011kansalaisliike","url":"https:\/\/meidanmetsamme.org\/","logo":{"@type":"ImageObject","inLanguage":"fi","@id":"https:\/\/meidanmetsamme.org\/#\/schema\/logo\/image\/","url":"https:\/\/meidanmetsamme.org\/wp-content\/uploads\/2019\/10\/cropped-meidanmetsamme-logo-ellipse-200px.png","contentUrl":"https:\/\/meidanmetsamme.org\/wp-content\/uploads\/2019\/10\/cropped-meidanmetsamme-logo-ellipse-200px.png","width":200,"height":123,"caption":"MEID\u00c4N METS\u00c4MME \u2011kansalaisliike"},"image":{"@id":"https:\/\/meidanmetsamme.org\/#\/schema\/logo\/image\/"}},{"@type":"Person","@id":"https:\/\/meidanmetsamme.org\/#\/schema\/person\/9711fda70f89e2b205a43fdf30381792","name":"Margit","url":"https:\/\/meidanmetsamme.org\/index.php\/author\/margit\/"}]}},"_links":{"self":[{"href":"https:\/\/meidanmetsamme.org\/index.php\/wp-json\/wp\/v2\/posts\/1796","targetHints":{"allow":["GET"]}}],"collection":[{"href":"https:\/\/meidanmetsamme.org\/index.php\/wp-json\/wp\/v2\/posts"}],"about":[{"href":"https:\/\/meidanmetsamme.org\/index.php\/wp-json\/wp\/v2\/types\/post"}],"author":[{"embeddable":true,"href":"https:\/\/meidanmetsamme.org\/index.php\/wp-json\/wp\/v2\/users\/4"}],"replies":[{"embeddable":true,"href":"https:\/\/meidanmetsamme.org\/index.php\/wp-json\/wp\/v2\/comments?post=1796"}],"version-history":[{"count":2,"href":"https:\/\/meidanmetsamme.org\/index.php\/wp-json\/wp\/v2\/posts\/1796\/revisions"}],"predecessor-version":[{"id":1798,"href":"https:\/\/meidanmetsamme.org\/index.php\/wp-json\/wp\/v2\/posts\/1796\/revisions\/1798"}],"wp:attachment":[{"href":"https:\/\/meidanmetsamme.org\/index.php\/wp-json\/wp\/v2\/media?parent=1796"}],"wp:term":[{"taxonomy":"category","embeddable":true,"href":"https:\/\/meidanmetsamme.org\/index.php\/wp-json\/wp\/v2\/categories?post=1796"},{"taxonomy":"post_tag","embeddable":true,"href":"https:\/\/meidanmetsamme.org\/index.php\/wp-json\/wp\/v2\/tags?post=1796"}],"curies":[{"name":"wp","href":"https:\/\/api.w.org\/{rel}","templated":true}]}}