{"id":443,"date":"2018-10-27T14:05:43","date_gmt":"2018-10-27T11:05:43","guid":{"rendered":"http:\/\/meidanmetsamme.org\/?p=443"},"modified":"2021-03-19T15:51:54","modified_gmt":"2021-03-19T13:51:54","slug":"meidanmetsamme-kari-makinen-tervehdys-kannanoton-suojelijalta","status":"publish","type":"post","link":"https:\/\/meidanmetsamme.org\/index.php\/2018\/10\/27\/meidanmetsamme-kari-makinen-tervehdys-kannanoton-suojelijalta\/","title":{"rendered":"Kari M\u00e4kinen: Tervehdys kannanoton suojelijalta"},"content":{"rendered":"<p>Hyv\u00e4t Meid\u00e4n Mets\u00e4mme tapahtumaan osallistujat,<\/p>\n<p>Mets\u00e4 on el\u00e4m\u00e4n l\u00e4hde ja kehto. Vuosisatojen kokemus on opettanut meille t\u00e4\u00e4ll\u00e4, ett\u00e4 ihmisen suhde mets\u00e4\u00e4n ei ole markkinasuhde eik\u00e4 ensi sijassa hy\u00f6tysuhde. Ihmisen suhde mets\u00e4\u00e4n on syv\u00e4 riippuvuusssuhde. Meid\u00e4n mets\u00e4mme on meid\u00e4n toivomme. Vuosi vuodelta, ilmastoraportti ilmastoraportilta on k\u00e4ynyt selvemm\u00e4ksi, ett\u00e4 mets\u00e4t ja niiden hengitys ovat koko maailman el\u00e4m\u00e4n ehto. Siksi mets\u00e4\u00e4 on nyt entist\u00e4 m\u00e4\u00e4r\u00e4tietoisemmin puolustettava ahneutta ja lyhytn\u00e4k\u00f6ist\u00e4 talousajattelua vastaan. Mets\u00e4n edess\u00e4 on oltava n\u00f6yr\u00e4, ihmisten edess\u00e4 mets\u00e4n el\u00e4m\u00e4\u00e4 puolustettaessa luja. Meid\u00e4n Mets\u00e4mme -tapahtumalle ja teille osallistujille toivon sellaista viisautta, sellaista rohkeutta ja sellaista siunausta, jota tarvitsette.<\/p>\n<p>Kari M\u00e4kinen<br \/>\narkkipiispa emeritus<\/p>\n","protected":false},"excerpt":{"rendered":"<p>Hyv\u00e4t Meid\u00e4n Mets\u00e4mme tapahtumaan osallistujat, Mets\u00e4 on el\u00e4m\u00e4n l\u00e4hde ja kehto. Vuosisatojen kokemus on opettanut meille t\u00e4\u00e4ll\u00e4, ett\u00e4 ihmisen suhde mets\u00e4\u00e4n ei ole markkinasuhde eik\u00e4 ensi sijassa hy\u00f6tysuhde. Ihmisen suhde mets\u00e4\u00e4n on syv\u00e4 riippuvuusssuhde. Meid\u00e4n mets\u00e4mme on meid\u00e4n toivomme. Vuosi vuodelta, ilmastoraportti ilmastoraportilta on k\u00e4ynyt selvemm\u00e4ksi, ett\u00e4 mets\u00e4t ja niiden hengitys ovat koko maailman el\u00e4m\u00e4n&hellip; <a class=\"more-link\" href=\"https:\/\/meidanmetsamme.org\/index.php\/2018\/10\/27\/meidanmetsamme-kari-makinen-tervehdys-kannanoton-suojelijalta\/\">Jatka lukemista <span class=\"screen-reader-text\">Kari M\u00e4kinen: Tervehdys kannanoton suojelijalta<\/span><\/a><\/p>\n","protected":false},"author":1,"featured_media":487,"comment_status":"closed","ping_status":"closed","sticky":false,"template":"","format":"standard","meta":{"footnotes":""},"categories":[52],"tags":[],"class_list":["post-443","post","type-post","status-publish","format-standard","has-post-thumbnail","hentry","category-meidanmetsamme","entry"],"yoast_head":"<!-- This site is optimized with the Yoast SEO plugin v27.4 - https:\/\/yoast.com\/product\/yoast-seo-wordpress\/ -->\n<title>Kari M\u00e4kinen: Tervehdys kannanoton suojelijalta - MEID\u00c4N METS\u00c4MME \u2011kansalaisliike<\/title>\n<meta name=\"robots\" content=\"index, follow, max-snippet:-1, max-image-preview:large, max-video-preview:-1\" \/>\n<link rel=\"canonical\" href=\"https:\/\/meidanmetsamme.org\/index.php\/2018\/10\/27\/meidanmetsamme-kari-makinen-tervehdys-kannanoton-suojelijalta\/\" \/>\n<meta property=\"og:locale\" content=\"fi_FI\" \/>\n<meta property=\"og:type\" content=\"article\" \/>\n<meta property=\"og:title\" content=\"Kari M\u00e4kinen: Tervehdys kannanoton suojelijalta - MEID\u00c4N METS\u00c4MME \u2011kansalaisliike\" \/>\n<meta property=\"og:description\" content=\"Hyv\u00e4t Meid\u00e4n Mets\u00e4mme tapahtumaan osallistujat, Mets\u00e4 on el\u00e4m\u00e4n l\u00e4hde ja kehto. Vuosisatojen kokemus on opettanut meille t\u00e4\u00e4ll\u00e4, ett\u00e4 ihmisen suhde mets\u00e4\u00e4n ei ole markkinasuhde eik\u00e4 ensi sijassa hy\u00f6tysuhde. Ihmisen suhde mets\u00e4\u00e4n on syv\u00e4 riippuvuusssuhde. Meid\u00e4n mets\u00e4mme on meid\u00e4n toivomme. Vuosi vuodelta, ilmastoraportti ilmastoraportilta on k\u00e4ynyt selvemm\u00e4ksi, ett\u00e4 mets\u00e4t ja niiden hengitys ovat koko maailman el\u00e4m\u00e4n&hellip; Jatka lukemista Kari M\u00e4kinen: Tervehdys kannanoton suojelijalta\" \/>\n<meta property=\"og:url\" content=\"https:\/\/meidanmetsamme.org\/index.php\/2018\/10\/27\/meidanmetsamme-kari-makinen-tervehdys-kannanoton-suojelijalta\/\" \/>\n<meta property=\"og:site_name\" content=\"MEID\u00c4N METS\u00c4MME \u2011kansalaisliike\" \/>\n<meta property=\"article:published_time\" content=\"2018-10-27T11:05:43+00:00\" \/>\n<meta property=\"article:modified_time\" content=\"2021-03-19T13:51:54+00:00\" \/>\n<meta property=\"og:image\" content=\"https:\/\/meidanmetsamme.org\/wp-content\/uploads\/2018\/11\/CZ9A9573-1024x683.jpg\" \/>\n\t<meta property=\"og:image:width\" content=\"1024\" \/>\n\t<meta property=\"og:image:height\" content=\"683\" \/>\n\t<meta property=\"og:image:type\" content=\"image\/jpeg\" \/>\n<meta name=\"author\" content=\"teemule\" \/>\n<meta name=\"twitter:card\" content=\"summary_large_image\" \/>\n<meta name=\"twitter:label1\" content=\"Kirjoittanut\" \/>\n\t<meta name=\"twitter:data1\" content=\"teemule\" \/>\n\t<meta name=\"twitter:label2\" content=\"Arvioitu lukuaika\" \/>\n\t<meta name=\"twitter:data2\" content=\"1 minuutti\" \/>\n<script type=\"application\/ld+json\" class=\"yoast-schema-graph\">{\"@context\":\"https:\\\/\\\/schema.org\",\"@graph\":[{\"@type\":\"Article\",\"@id\":\"https:\\\/\\\/meidanmetsamme.org\\\/index.php\\\/2018\\\/10\\\/27\\\/meidanmetsamme-kari-makinen-tervehdys-kannanoton-suojelijalta\\\/#article\",\"isPartOf\":{\"@id\":\"https:\\\/\\\/meidanmetsamme.org\\\/index.php\\\/2018\\\/10\\\/27\\\/meidanmetsamme-kari-makinen-tervehdys-kannanoton-suojelijalta\\\/\"},\"author\":{\"name\":\"teemule\",\"@id\":\"https:\\\/\\\/meidanmetsamme.org\\\/#\\\/schema\\\/person\\\/c361505b08ba43e300bb65a97b7a25cb\"},\"headline\":\"Kari M\u00e4kinen: Tervehdys kannanoton suojelijalta\",\"datePublished\":\"2018-10-27T11:05:43+00:00\",\"dateModified\":\"2021-03-19T13:51:54+00:00\",\"mainEntityOfPage\":{\"@id\":\"https:\\\/\\\/meidanmetsamme.org\\\/index.php\\\/2018\\\/10\\\/27\\\/meidanmetsamme-kari-makinen-tervehdys-kannanoton-suojelijalta\\\/\"},\"wordCount\":134,\"publisher\":{\"@id\":\"https:\\\/\\\/meidanmetsamme.org\\\/#organization\"},\"image\":{\"@id\":\"https:\\\/\\\/meidanmetsamme.org\\\/index.php\\\/2018\\\/10\\\/27\\\/meidanmetsamme-kari-makinen-tervehdys-kannanoton-suojelijalta\\\/#primaryimage\"},\"thumbnailUrl\":\"https:\\\/\\\/meidanmetsamme.org\\\/wp-content\\\/uploads\\\/2018\\\/11\\\/CZ9A9573.jpg\",\"articleSection\":[\"#meid\u00e4nmets\u00e4mme\"],\"inLanguage\":\"fi\"},{\"@type\":\"WebPage\",\"@id\":\"https:\\\/\\\/meidanmetsamme.org\\\/index.php\\\/2018\\\/10\\\/27\\\/meidanmetsamme-kari-makinen-tervehdys-kannanoton-suojelijalta\\\/\",\"url\":\"https:\\\/\\\/meidanmetsamme.org\\\/index.php\\\/2018\\\/10\\\/27\\\/meidanmetsamme-kari-makinen-tervehdys-kannanoton-suojelijalta\\\/\",\"name\":\"Kari M\u00e4kinen: Tervehdys kannanoton suojelijalta - MEID\u00c4N METS\u00c4MME \u2011kansalaisliike\",\"isPartOf\":{\"@id\":\"https:\\\/\\\/meidanmetsamme.org\\\/#website\"},\"primaryImageOfPage\":{\"@id\":\"https:\\\/\\\/meidanmetsamme.org\\\/index.php\\\/2018\\\/10\\\/27\\\/meidanmetsamme-kari-makinen-tervehdys-kannanoton-suojelijalta\\\/#primaryimage\"},\"image\":{\"@id\":\"https:\\\/\\\/meidanmetsamme.org\\\/index.php\\\/2018\\\/10\\\/27\\\/meidanmetsamme-kari-makinen-tervehdys-kannanoton-suojelijalta\\\/#primaryimage\"},\"thumbnailUrl\":\"https:\\\/\\\/meidanmetsamme.org\\\/wp-content\\\/uploads\\\/2018\\\/11\\\/CZ9A9573.jpg\",\"datePublished\":\"2018-10-27T11:05:43+00:00\",\"dateModified\":\"2021-03-19T13:51:54+00:00\",\"breadcrumb\":{\"@id\":\"https:\\\/\\\/meidanmetsamme.org\\\/index.php\\\/2018\\\/10\\\/27\\\/meidanmetsamme-kari-makinen-tervehdys-kannanoton-suojelijalta\\\/#breadcrumb\"},\"inLanguage\":\"fi\",\"potentialAction\":[{\"@type\":\"ReadAction\",\"target\":[\"https:\\\/\\\/meidanmetsamme.org\\\/index.php\\\/2018\\\/10\\\/27\\\/meidanmetsamme-kari-makinen-tervehdys-kannanoton-suojelijalta\\\/\"]}]},{\"@type\":\"ImageObject\",\"inLanguage\":\"fi\",\"@id\":\"https:\\\/\\\/meidanmetsamme.org\\\/index.php\\\/2018\\\/10\\\/27\\\/meidanmetsamme-kari-makinen-tervehdys-kannanoton-suojelijalta\\\/#primaryimage\",\"url\":\"https:\\\/\\\/meidanmetsamme.org\\\/wp-content\\\/uploads\\\/2018\\\/11\\\/CZ9A9573.jpg\",\"contentUrl\":\"https:\\\/\\\/meidanmetsamme.org\\\/wp-content\\\/uploads\\\/2018\\\/11\\\/CZ9A9573.jpg\",\"width\":5760,\"height\":3840,\"caption\":\"Meid\u00e4n mets\u00e4mme tuomiokirkon kryptassa\"},{\"@type\":\"BreadcrumbList\",\"@id\":\"https:\\\/\\\/meidanmetsamme.org\\\/index.php\\\/2018\\\/10\\\/27\\\/meidanmetsamme-kari-makinen-tervehdys-kannanoton-suojelijalta\\\/#breadcrumb\",\"itemListElement\":[{\"@type\":\"ListItem\",\"position\":1,\"name\":\"Home\",\"item\":\"https:\\\/\\\/meidanmetsamme.org\\\/\"},{\"@type\":\"ListItem\",\"position\":2,\"name\":\"Kari M\u00e4kinen: Tervehdys kannanoton suojelijalta\"}]},{\"@type\":\"WebSite\",\"@id\":\"https:\\\/\\\/meidanmetsamme.org\\\/#website\",\"url\":\"https:\\\/\\\/meidanmetsamme.org\\\/\",\"name\":\"MEID\u00c4N METS\u00c4MME \u2011kansalaisliike\",\"description\":\"Pidet\u00e4\u00e4n metsist\u00e4mme parempaa huolta\",\"publisher\":{\"@id\":\"https:\\\/\\\/meidanmetsamme.org\\\/#organization\"},\"potentialAction\":[{\"@type\":\"SearchAction\",\"target\":{\"@type\":\"EntryPoint\",\"urlTemplate\":\"https:\\\/\\\/meidanmetsamme.org\\\/?s={search_term_string}\"},\"query-input\":{\"@type\":\"PropertyValueSpecification\",\"valueRequired\":true,\"valueName\":\"search_term_string\"}}],\"inLanguage\":\"fi\"},{\"@type\":\"Organization\",\"@id\":\"https:\\\/\\\/meidanmetsamme.org\\\/#organization\",\"name\":\"MEID\u00c4N METS\u00c4MME \u2011kansalaisliike\",\"url\":\"https:\\\/\\\/meidanmetsamme.org\\\/\",\"logo\":{\"@type\":\"ImageObject\",\"inLanguage\":\"fi\",\"@id\":\"https:\\\/\\\/meidanmetsamme.org\\\/#\\\/schema\\\/logo\\\/image\\\/\",\"url\":\"https:\\\/\\\/meidanmetsamme.org\\\/wp-content\\\/uploads\\\/2019\\\/10\\\/cropped-meidanmetsamme-logo-ellipse-200px.png\",\"contentUrl\":\"https:\\\/\\\/meidanmetsamme.org\\\/wp-content\\\/uploads\\\/2019\\\/10\\\/cropped-meidanmetsamme-logo-ellipse-200px.png\",\"width\":200,\"height\":123,\"caption\":\"MEID\u00c4N METS\u00c4MME \u2011kansalaisliike\"},\"image\":{\"@id\":\"https:\\\/\\\/meidanmetsamme.org\\\/#\\\/schema\\\/logo\\\/image\\\/\"}},{\"@type\":\"Person\",\"@id\":\"https:\\\/\\\/meidanmetsamme.org\\\/#\\\/schema\\\/person\\\/c361505b08ba43e300bb65a97b7a25cb\",\"name\":\"teemule\",\"url\":\"https:\\\/\\\/meidanmetsamme.org\\\/index.php\\\/author\\\/teemule\\\/\"}]}<\/script>\n<!-- \/ Yoast SEO plugin. -->","yoast_head_json":{"title":"Kari M\u00e4kinen: Tervehdys kannanoton suojelijalta - MEID\u00c4N METS\u00c4MME \u2011kansalaisliike","robots":{"index":"index","follow":"follow","max-snippet":"max-snippet:-1","max-image-preview":"max-image-preview:large","max-video-preview":"max-video-preview:-1"},"canonical":"https:\/\/meidanmetsamme.org\/index.php\/2018\/10\/27\/meidanmetsamme-kari-makinen-tervehdys-kannanoton-suojelijalta\/","og_locale":"fi_FI","og_type":"article","og_title":"Kari M\u00e4kinen: Tervehdys kannanoton suojelijalta - MEID\u00c4N METS\u00c4MME \u2011kansalaisliike","og_description":"Hyv\u00e4t Meid\u00e4n Mets\u00e4mme tapahtumaan osallistujat, Mets\u00e4 on el\u00e4m\u00e4n l\u00e4hde ja kehto. Vuosisatojen kokemus on opettanut meille t\u00e4\u00e4ll\u00e4, ett\u00e4 ihmisen suhde mets\u00e4\u00e4n ei ole markkinasuhde eik\u00e4 ensi sijassa hy\u00f6tysuhde. Ihmisen suhde mets\u00e4\u00e4n on syv\u00e4 riippuvuusssuhde. Meid\u00e4n mets\u00e4mme on meid\u00e4n toivomme. Vuosi vuodelta, ilmastoraportti ilmastoraportilta on k\u00e4ynyt selvemm\u00e4ksi, ett\u00e4 mets\u00e4t ja niiden hengitys ovat koko maailman el\u00e4m\u00e4n&hellip; Jatka lukemista Kari M\u00e4kinen: Tervehdys kannanoton suojelijalta","og_url":"https:\/\/meidanmetsamme.org\/index.php\/2018\/10\/27\/meidanmetsamme-kari-makinen-tervehdys-kannanoton-suojelijalta\/","og_site_name":"MEID\u00c4N METS\u00c4MME \u2011kansalaisliike","article_published_time":"2018-10-27T11:05:43+00:00","article_modified_time":"2021-03-19T13:51:54+00:00","og_image":[{"width":1024,"height":683,"url":"https:\/\/meidanmetsamme.org\/wp-content\/uploads\/2018\/11\/CZ9A9573-1024x683.jpg","type":"image\/jpeg"}],"author":"teemule","twitter_card":"summary_large_image","twitter_misc":{"Kirjoittanut":"teemule","Arvioitu lukuaika":"1 minuutti"},"schema":{"@context":"https:\/\/schema.org","@graph":[{"@type":"Article","@id":"https:\/\/meidanmetsamme.org\/index.php\/2018\/10\/27\/meidanmetsamme-kari-makinen-tervehdys-kannanoton-suojelijalta\/#article","isPartOf":{"@id":"https:\/\/meidanmetsamme.org\/index.php\/2018\/10\/27\/meidanmetsamme-kari-makinen-tervehdys-kannanoton-suojelijalta\/"},"author":{"name":"teemule","@id":"https:\/\/meidanmetsamme.org\/#\/schema\/person\/c361505b08ba43e300bb65a97b7a25cb"},"headline":"Kari M\u00e4kinen: Tervehdys kannanoton suojelijalta","datePublished":"2018-10-27T11:05:43+00:00","dateModified":"2021-03-19T13:51:54+00:00","mainEntityOfPage":{"@id":"https:\/\/meidanmetsamme.org\/index.php\/2018\/10\/27\/meidanmetsamme-kari-makinen-tervehdys-kannanoton-suojelijalta\/"},"wordCount":134,"publisher":{"@id":"https:\/\/meidanmetsamme.org\/#organization"},"image":{"@id":"https:\/\/meidanmetsamme.org\/index.php\/2018\/10\/27\/meidanmetsamme-kari-makinen-tervehdys-kannanoton-suojelijalta\/#primaryimage"},"thumbnailUrl":"https:\/\/meidanmetsamme.org\/wp-content\/uploads\/2018\/11\/CZ9A9573.jpg","articleSection":["#meid\u00e4nmets\u00e4mme"],"inLanguage":"fi"},{"@type":"WebPage","@id":"https:\/\/meidanmetsamme.org\/index.php\/2018\/10\/27\/meidanmetsamme-kari-makinen-tervehdys-kannanoton-suojelijalta\/","url":"https:\/\/meidanmetsamme.org\/index.php\/2018\/10\/27\/meidanmetsamme-kari-makinen-tervehdys-kannanoton-suojelijalta\/","name":"Kari M\u00e4kinen: Tervehdys kannanoton suojelijalta - MEID\u00c4N METS\u00c4MME \u2011kansalaisliike","isPartOf":{"@id":"https:\/\/meidanmetsamme.org\/#website"},"primaryImageOfPage":{"@id":"https:\/\/meidanmetsamme.org\/index.php\/2018\/10\/27\/meidanmetsamme-kari-makinen-tervehdys-kannanoton-suojelijalta\/#primaryimage"},"image":{"@id":"https:\/\/meidanmetsamme.org\/index.php\/2018\/10\/27\/meidanmetsamme-kari-makinen-tervehdys-kannanoton-suojelijalta\/#primaryimage"},"thumbnailUrl":"https:\/\/meidanmetsamme.org\/wp-content\/uploads\/2018\/11\/CZ9A9573.jpg","datePublished":"2018-10-27T11:05:43+00:00","dateModified":"2021-03-19T13:51:54+00:00","breadcrumb":{"@id":"https:\/\/meidanmetsamme.org\/index.php\/2018\/10\/27\/meidanmetsamme-kari-makinen-tervehdys-kannanoton-suojelijalta\/#breadcrumb"},"inLanguage":"fi","potentialAction":[{"@type":"ReadAction","target":["https:\/\/meidanmetsamme.org\/index.php\/2018\/10\/27\/meidanmetsamme-kari-makinen-tervehdys-kannanoton-suojelijalta\/"]}]},{"@type":"ImageObject","inLanguage":"fi","@id":"https:\/\/meidanmetsamme.org\/index.php\/2018\/10\/27\/meidanmetsamme-kari-makinen-tervehdys-kannanoton-suojelijalta\/#primaryimage","url":"https:\/\/meidanmetsamme.org\/wp-content\/uploads\/2018\/11\/CZ9A9573.jpg","contentUrl":"https:\/\/meidanmetsamme.org\/wp-content\/uploads\/2018\/11\/CZ9A9573.jpg","width":5760,"height":3840,"caption":"Meid\u00e4n mets\u00e4mme tuomiokirkon kryptassa"},{"@type":"BreadcrumbList","@id":"https:\/\/meidanmetsamme.org\/index.php\/2018\/10\/27\/meidanmetsamme-kari-makinen-tervehdys-kannanoton-suojelijalta\/#breadcrumb","itemListElement":[{"@type":"ListItem","position":1,"name":"Home","item":"https:\/\/meidanmetsamme.org\/"},{"@type":"ListItem","position":2,"name":"Kari M\u00e4kinen: Tervehdys kannanoton suojelijalta"}]},{"@type":"WebSite","@id":"https:\/\/meidanmetsamme.org\/#website","url":"https:\/\/meidanmetsamme.org\/","name":"MEID\u00c4N METS\u00c4MME \u2011kansalaisliike","description":"Pidet\u00e4\u00e4n metsist\u00e4mme parempaa huolta","publisher":{"@id":"https:\/\/meidanmetsamme.org\/#organization"},"potentialAction":[{"@type":"SearchAction","target":{"@type":"EntryPoint","urlTemplate":"https:\/\/meidanmetsamme.org\/?s={search_term_string}"},"query-input":{"@type":"PropertyValueSpecification","valueRequired":true,"valueName":"search_term_string"}}],"inLanguage":"fi"},{"@type":"Organization","@id":"https:\/\/meidanmetsamme.org\/#organization","name":"MEID\u00c4N METS\u00c4MME \u2011kansalaisliike","url":"https:\/\/meidanmetsamme.org\/","logo":{"@type":"ImageObject","inLanguage":"fi","@id":"https:\/\/meidanmetsamme.org\/#\/schema\/logo\/image\/","url":"https:\/\/meidanmetsamme.org\/wp-content\/uploads\/2019\/10\/cropped-meidanmetsamme-logo-ellipse-200px.png","contentUrl":"https:\/\/meidanmetsamme.org\/wp-content\/uploads\/2019\/10\/cropped-meidanmetsamme-logo-ellipse-200px.png","width":200,"height":123,"caption":"MEID\u00c4N METS\u00c4MME \u2011kansalaisliike"},"image":{"@id":"https:\/\/meidanmetsamme.org\/#\/schema\/logo\/image\/"}},{"@type":"Person","@id":"https:\/\/meidanmetsamme.org\/#\/schema\/person\/c361505b08ba43e300bb65a97b7a25cb","name":"teemule","url":"https:\/\/meidanmetsamme.org\/index.php\/author\/teemule\/"}]}},"_links":{"self":[{"href":"https:\/\/meidanmetsamme.org\/index.php\/wp-json\/wp\/v2\/posts\/443","targetHints":{"allow":["GET"]}}],"collection":[{"href":"https:\/\/meidanmetsamme.org\/index.php\/wp-json\/wp\/v2\/posts"}],"about":[{"href":"https:\/\/meidanmetsamme.org\/index.php\/wp-json\/wp\/v2\/types\/post"}],"author":[{"embeddable":true,"href":"https:\/\/meidanmetsamme.org\/index.php\/wp-json\/wp\/v2\/users\/1"}],"replies":[{"embeddable":true,"href":"https:\/\/meidanmetsamme.org\/index.php\/wp-json\/wp\/v2\/comments?post=443"}],"version-history":[{"count":5,"href":"https:\/\/meidanmetsamme.org\/index.php\/wp-json\/wp\/v2\/posts\/443\/revisions"}],"predecessor-version":[{"id":1786,"href":"https:\/\/meidanmetsamme.org\/index.php\/wp-json\/wp\/v2\/posts\/443\/revisions\/1786"}],"wp:featuredmedia":[{"embeddable":true,"href":"https:\/\/meidanmetsamme.org\/index.php\/wp-json\/wp\/v2\/media\/487"}],"wp:attachment":[{"href":"https:\/\/meidanmetsamme.org\/index.php\/wp-json\/wp\/v2\/media?parent=443"}],"wp:term":[{"taxonomy":"category","embeddable":true,"href":"https:\/\/meidanmetsamme.org\/index.php\/wp-json\/wp\/v2\/categories?post=443"},{"taxonomy":"post_tag","embeddable":true,"href":"https:\/\/meidanmetsamme.org\/index.php\/wp-json\/wp\/v2\/tags?post=443"}],"curies":[{"name":"wp","href":"https:\/\/api.w.org\/{rel}","templated":true}]}}