{"id":572,"date":"2019-04-04T10:10:52","date_gmt":"2019-04-04T07:10:52","guid":{"rendered":"http:\/\/meidanmetsamme.org\/?p=572"},"modified":"2019-06-27T07:01:27","modified_gmt":"2019-06-27T04:01:27","slug":"minkalainen-on-metsasuhteemme-ja-metsiemme-tulevaisuus-tasta-keskusteltiin-riihimaella-eri-jarjestoedustajien-kesken","status":"publish","type":"post","link":"https:\/\/meidanmetsamme.org\/index.php\/2019\/04\/04\/minkalainen-on-metsasuhteemme-ja-metsiemme-tulevaisuus-tasta-keskusteltiin-riihimaella-eri-jarjestoedustajien-kesken\/","title":{"rendered":"Mink\u00e4lainen on mets\u00e4suhteemme ja metsiemme tulevaisuus \u2013  t\u00e4st\u00e4 keskusteltiin Riihim\u00e4ell\u00e4 eri j\u00e4rjest\u00f6edustajien kesken"},"content":{"rendered":"\n<figure class=\"wp-block-image\"><img loading=\"lazy\" decoding=\"async\" width=\"640\" height=\"480\" src=\"http:\/\/meidanmetsamme.org\/wp-content\/uploads\/2019\/04\/IMG_4076-Small.jpg\" alt=\"\" class=\"wp-image-573\" srcset=\"https:\/\/meidanmetsamme.org\/wp-content\/uploads\/2019\/04\/IMG_4076-Small.jpg 640w, https:\/\/meidanmetsamme.org\/wp-content\/uploads\/2019\/04\/IMG_4076-Small-300x225.jpg 300w\" sizes=\"auto, (max-width: 640px) 100vw, 640px\" \/><\/figure>\n\n\n\n<p>Meid\u00e4n mets\u00e4mme -ty\u00f6ryhm\u00e4 kutsui jo toisen kerran mets\u00e4alan asiantuntijoita ja vaikuttajia mets\u00e4dialogiin vaihtamaan ajatuksia mets\u00e4- ja luontosuhteestamme sek\u00e4 metsiemme k\u00e4yt\u00f6n kest\u00e4vyydest\u00e4 elinymp\u00e4rist\u00f6jen muuttuessa. Pohdittiin my\u00f6s mink\u00e4laisia mets\u00e4mme ovat tulevaisuudessa, sadan vuoden kuluttua. Mielipide-eroja l\u00f6ytyi metsien hy\u00f6dynt\u00e4misen asteesta, suojelutarpeesta, mets\u00e4nk\u00e4yt\u00f6n keinoista ja niiden vaikuttavuudesta. N\u00e4ist\u00e4 n\u00e4kemysten aste-eroista huolimatta, kaikki kuitenkin pitiv\u00e4t metsiemme turvaamista t\u00e4rke\u00e4n\u00e4 hyvinvointimme ja luonnon monimuotoisuuden s\u00e4ilymisen kannalta.<\/p>\n\n\n\n<p>Tutustuimme kaikkien mielest\u00e4 onnistuneesti toteutettuun jatkuvan kasvatuksen suomets\u00e4\u00e4n. Mets\u00e4keskusteluja k\u00e4ytiin mets\u00e4n reunassa sijaitsevalla laavulla grillaillen ja kev\u00e4\u00e4n ensi perhosia ihastellen. Keskustelu fasilitoitiin j\u00e4lleen ammattimaisella otteella, mik\u00e4 loi oikeudenmukaisen ja turvallisen keskusteluilmapiirin.<\/p>\n\n\n\n<p>Mukana olivat t\u00e4ll\u00e4 kerralla Meid\u00e4n mets\u00e4mme kannanoton ty\u00f6ryhm\u00e4n j\u00e4senten lis\u00e4ksi edustajia seuraavista organisaatioista:&nbsp; BIOS-tutkimusyksikk\u00f6,&nbsp;Mets\u00e4teollisuus ry,&nbsp;Mtk, Slc, Suomen luonnonsuojeluliitto.<\/p>\n\n\n\n<p>Uskomme, ett\u00e4 keskustellen ymm\u00e4rrys ihmisten v\u00e4lill\u00e4 lis\u00e4\u00e4ntyy, jolloin on helpompi jatkaa yhteisty\u00f6t\u00e4 ekologisen kest\u00e4vyyden laajempaan huomioimiseen kaikessa toiminnassamme.<\/p>\n","protected":false},"excerpt":{"rendered":"<p>Meid\u00e4n mets\u00e4mme -ty\u00f6ryhm\u00e4 kutsui jo toisen kerran mets\u00e4alan asiantuntijoita ja vaikuttajia mets\u00e4dialogiin vaihtamaan ajatuksia mets\u00e4- ja luontosuhteestamme sek\u00e4 metsiemme k\u00e4yt\u00f6n kest\u00e4vyydest\u00e4 elinymp\u00e4rist\u00f6jen muuttuessa. Pohdittiin my\u00f6s mink\u00e4laisia mets\u00e4mme ovat tulevaisuudessa, sadan vuoden kuluttua. Mielipide-eroja l\u00f6ytyi metsien hy\u00f6dynt\u00e4misen asteesta, suojelutarpeesta, mets\u00e4nk\u00e4yt\u00f6n keinoista ja niiden vaikuttavuudesta. N\u00e4ist\u00e4 n\u00e4kemysten aste-eroista huolimatta, kaikki kuitenkin pitiv\u00e4t metsiemme turvaamista t\u00e4rke\u00e4n\u00e4 hyvinvointimme ja&hellip; <a class=\"more-link\" href=\"https:\/\/meidanmetsamme.org\/index.php\/2019\/04\/04\/minkalainen-on-metsasuhteemme-ja-metsiemme-tulevaisuus-tasta-keskusteltiin-riihimaella-eri-jarjestoedustajien-kesken\/\">Jatka lukemista <span class=\"screen-reader-text\">Mink\u00e4lainen on mets\u00e4suhteemme ja metsiemme tulevaisuus \u2013  t\u00e4st\u00e4 keskusteltiin Riihim\u00e4ell\u00e4 eri j\u00e4rjest\u00f6edustajien kesken<\/span><\/a><\/p>\n","protected":false},"author":1,"featured_media":574,"comment_status":"closed","ping_status":"closed","sticky":false,"template":"","format":"standard","meta":{"footnotes":""},"categories":[52,4],"tags":[],"class_list":["post-572","post","type-post","status-publish","format-standard","has-post-thumbnail","hentry","category-meidanmetsamme","category-uutinen","entry"],"yoast_head":"<!-- This site is optimized with the Yoast SEO plugin v27.5 - https:\/\/yoast.com\/product\/yoast-seo-wordpress\/ -->\n<title>Mink\u00e4lainen on mets\u00e4suhteemme ja metsiemme tulevaisuus \u2013 t\u00e4st\u00e4 keskusteltiin Riihim\u00e4ell\u00e4 eri j\u00e4rjest\u00f6edustajien kesken - MEID\u00c4N METS\u00c4MME \u2011kansalaisliike<\/title>\n<meta name=\"robots\" content=\"index, follow, max-snippet:-1, max-image-preview:large, max-video-preview:-1\" \/>\n<link rel=\"canonical\" href=\"https:\/\/meidanmetsamme.org\/index.php\/2019\/04\/04\/minkalainen-on-metsasuhteemme-ja-metsiemme-tulevaisuus-tasta-keskusteltiin-riihimaella-eri-jarjestoedustajien-kesken\/\" \/>\n<meta property=\"og:locale\" content=\"fi_FI\" \/>\n<meta property=\"og:type\" content=\"article\" \/>\n<meta property=\"og:title\" content=\"Mink\u00e4lainen on mets\u00e4suhteemme ja metsiemme tulevaisuus \u2013 t\u00e4st\u00e4 keskusteltiin Riihim\u00e4ell\u00e4 eri j\u00e4rjest\u00f6edustajien kesken - MEID\u00c4N METS\u00c4MME \u2011kansalaisliike\" \/>\n<meta property=\"og:description\" content=\"Meid\u00e4n mets\u00e4mme -ty\u00f6ryhm\u00e4 kutsui jo toisen kerran mets\u00e4alan asiantuntijoita ja vaikuttajia mets\u00e4dialogiin vaihtamaan ajatuksia mets\u00e4- ja luontosuhteestamme sek\u00e4 metsiemme k\u00e4yt\u00f6n kest\u00e4vyydest\u00e4 elinymp\u00e4rist\u00f6jen muuttuessa. Pohdittiin my\u00f6s mink\u00e4laisia mets\u00e4mme ovat tulevaisuudessa, sadan vuoden kuluttua. Mielipide-eroja l\u00f6ytyi metsien hy\u00f6dynt\u00e4misen asteesta, suojelutarpeesta, mets\u00e4nk\u00e4yt\u00f6n keinoista ja niiden vaikuttavuudesta. N\u00e4ist\u00e4 n\u00e4kemysten aste-eroista huolimatta, kaikki kuitenkin pitiv\u00e4t metsiemme turvaamista t\u00e4rke\u00e4n\u00e4 hyvinvointimme ja&hellip; Jatka lukemista Mink\u00e4lainen on mets\u00e4suhteemme ja metsiemme tulevaisuus \u2013 t\u00e4st\u00e4 keskusteltiin Riihim\u00e4ell\u00e4 eri j\u00e4rjest\u00f6edustajien kesken\" \/>\n<meta property=\"og:url\" content=\"https:\/\/meidanmetsamme.org\/index.php\/2019\/04\/04\/minkalainen-on-metsasuhteemme-ja-metsiemme-tulevaisuus-tasta-keskusteltiin-riihimaella-eri-jarjestoedustajien-kesken\/\" \/>\n<meta property=\"og:site_name\" content=\"MEID\u00c4N METS\u00c4MME \u2011kansalaisliike\" \/>\n<meta property=\"article:published_time\" content=\"2019-04-04T07:10:52+00:00\" \/>\n<meta property=\"article:modified_time\" content=\"2019-06-27T04:01:27+00:00\" \/>\n<meta property=\"og:image\" content=\"https:\/\/meidanmetsamme.org\/wp-content\/uploads\/2019\/04\/IMG_4076-Small-1.jpg\" \/>\n\t<meta property=\"og:image:width\" content=\"640\" \/>\n\t<meta property=\"og:image:height\" content=\"480\" \/>\n\t<meta property=\"og:image:type\" content=\"image\/jpeg\" \/>\n<meta name=\"author\" content=\"teemule\" \/>\n<meta name=\"twitter:card\" content=\"summary_large_image\" \/>\n<meta name=\"twitter:label1\" content=\"Kirjoittanut\" \/>\n\t<meta name=\"twitter:data1\" content=\"teemule\" \/>\n\t<meta name=\"twitter:label2\" content=\"Arvioitu lukuaika\" \/>\n\t<meta name=\"twitter:data2\" content=\"1 minuutti\" \/>\n<script type=\"application\/ld+json\" class=\"yoast-schema-graph\">{\"@context\":\"https:\\\/\\\/schema.org\",\"@graph\":[{\"@type\":\"Article\",\"@id\":\"https:\\\/\\\/meidanmetsamme.org\\\/index.php\\\/2019\\\/04\\\/04\\\/minkalainen-on-metsasuhteemme-ja-metsiemme-tulevaisuus-tasta-keskusteltiin-riihimaella-eri-jarjestoedustajien-kesken\\\/#article\",\"isPartOf\":{\"@id\":\"https:\\\/\\\/meidanmetsamme.org\\\/index.php\\\/2019\\\/04\\\/04\\\/minkalainen-on-metsasuhteemme-ja-metsiemme-tulevaisuus-tasta-keskusteltiin-riihimaella-eri-jarjestoedustajien-kesken\\\/\"},\"author\":{\"name\":\"teemule\",\"@id\":\"https:\\\/\\\/meidanmetsamme.org\\\/#\\\/schema\\\/person\\\/c361505b08ba43e300bb65a97b7a25cb\"},\"headline\":\"Mink\u00e4lainen on mets\u00e4suhteemme ja metsiemme tulevaisuus \u2013 t\u00e4st\u00e4 keskusteltiin Riihim\u00e4ell\u00e4 eri j\u00e4rjest\u00f6edustajien kesken\",\"datePublished\":\"2019-04-04T07:10:52+00:00\",\"dateModified\":\"2019-06-27T04:01:27+00:00\",\"mainEntityOfPage\":{\"@id\":\"https:\\\/\\\/meidanmetsamme.org\\\/index.php\\\/2019\\\/04\\\/04\\\/minkalainen-on-metsasuhteemme-ja-metsiemme-tulevaisuus-tasta-keskusteltiin-riihimaella-eri-jarjestoedustajien-kesken\\\/\"},\"wordCount\":194,\"publisher\":{\"@id\":\"https:\\\/\\\/meidanmetsamme.org\\\/#organization\"},\"image\":{\"@id\":\"https:\\\/\\\/meidanmetsamme.org\\\/index.php\\\/2019\\\/04\\\/04\\\/minkalainen-on-metsasuhteemme-ja-metsiemme-tulevaisuus-tasta-keskusteltiin-riihimaella-eri-jarjestoedustajien-kesken\\\/#primaryimage\"},\"thumbnailUrl\":\"https:\\\/\\\/meidanmetsamme.org\\\/wp-content\\\/uploads\\\/2019\\\/04\\\/IMG_4076-Small-1.jpg\",\"articleSection\":[\"#meid\u00e4nmets\u00e4mme\",\"Uutinen\"],\"inLanguage\":\"fi\"},{\"@type\":\"WebPage\",\"@id\":\"https:\\\/\\\/meidanmetsamme.org\\\/index.php\\\/2019\\\/04\\\/04\\\/minkalainen-on-metsasuhteemme-ja-metsiemme-tulevaisuus-tasta-keskusteltiin-riihimaella-eri-jarjestoedustajien-kesken\\\/\",\"url\":\"https:\\\/\\\/meidanmetsamme.org\\\/index.php\\\/2019\\\/04\\\/04\\\/minkalainen-on-metsasuhteemme-ja-metsiemme-tulevaisuus-tasta-keskusteltiin-riihimaella-eri-jarjestoedustajien-kesken\\\/\",\"name\":\"Mink\u00e4lainen on mets\u00e4suhteemme ja metsiemme tulevaisuus \u2013 t\u00e4st\u00e4 keskusteltiin Riihim\u00e4ell\u00e4 eri j\u00e4rjest\u00f6edustajien kesken - MEID\u00c4N METS\u00c4MME \u2011kansalaisliike\",\"isPartOf\":{\"@id\":\"https:\\\/\\\/meidanmetsamme.org\\\/#website\"},\"primaryImageOfPage\":{\"@id\":\"https:\\\/\\\/meidanmetsamme.org\\\/index.php\\\/2019\\\/04\\\/04\\\/minkalainen-on-metsasuhteemme-ja-metsiemme-tulevaisuus-tasta-keskusteltiin-riihimaella-eri-jarjestoedustajien-kesken\\\/#primaryimage\"},\"image\":{\"@id\":\"https:\\\/\\\/meidanmetsamme.org\\\/index.php\\\/2019\\\/04\\\/04\\\/minkalainen-on-metsasuhteemme-ja-metsiemme-tulevaisuus-tasta-keskusteltiin-riihimaella-eri-jarjestoedustajien-kesken\\\/#primaryimage\"},\"thumbnailUrl\":\"https:\\\/\\\/meidanmetsamme.org\\\/wp-content\\\/uploads\\\/2019\\\/04\\\/IMG_4076-Small-1.jpg\",\"datePublished\":\"2019-04-04T07:10:52+00:00\",\"dateModified\":\"2019-06-27T04:01:27+00:00\",\"breadcrumb\":{\"@id\":\"https:\\\/\\\/meidanmetsamme.org\\\/index.php\\\/2019\\\/04\\\/04\\\/minkalainen-on-metsasuhteemme-ja-metsiemme-tulevaisuus-tasta-keskusteltiin-riihimaella-eri-jarjestoedustajien-kesken\\\/#breadcrumb\"},\"inLanguage\":\"fi\",\"potentialAction\":[{\"@type\":\"ReadAction\",\"target\":[\"https:\\\/\\\/meidanmetsamme.org\\\/index.php\\\/2019\\\/04\\\/04\\\/minkalainen-on-metsasuhteemme-ja-metsiemme-tulevaisuus-tasta-keskusteltiin-riihimaella-eri-jarjestoedustajien-kesken\\\/\"]}]},{\"@type\":\"ImageObject\",\"inLanguage\":\"fi\",\"@id\":\"https:\\\/\\\/meidanmetsamme.org\\\/index.php\\\/2019\\\/04\\\/04\\\/minkalainen-on-metsasuhteemme-ja-metsiemme-tulevaisuus-tasta-keskusteltiin-riihimaella-eri-jarjestoedustajien-kesken\\\/#primaryimage\",\"url\":\"https:\\\/\\\/meidanmetsamme.org\\\/wp-content\\\/uploads\\\/2019\\\/04\\\/IMG_4076-Small-1.jpg\",\"contentUrl\":\"https:\\\/\\\/meidanmetsamme.org\\\/wp-content\\\/uploads\\\/2019\\\/04\\\/IMG_4076-Small-1.jpg\",\"width\":640,\"height\":480},{\"@type\":\"BreadcrumbList\",\"@id\":\"https:\\\/\\\/meidanmetsamme.org\\\/index.php\\\/2019\\\/04\\\/04\\\/minkalainen-on-metsasuhteemme-ja-metsiemme-tulevaisuus-tasta-keskusteltiin-riihimaella-eri-jarjestoedustajien-kesken\\\/#breadcrumb\",\"itemListElement\":[{\"@type\":\"ListItem\",\"position\":1,\"name\":\"Home\",\"item\":\"https:\\\/\\\/meidanmetsamme.org\\\/\"},{\"@type\":\"ListItem\",\"position\":2,\"name\":\"Mink\u00e4lainen on mets\u00e4suhteemme ja metsiemme tulevaisuus \u2013 t\u00e4st\u00e4 keskusteltiin Riihim\u00e4ell\u00e4 eri j\u00e4rjest\u00f6edustajien kesken\"}]},{\"@type\":\"WebSite\",\"@id\":\"https:\\\/\\\/meidanmetsamme.org\\\/#website\",\"url\":\"https:\\\/\\\/meidanmetsamme.org\\\/\",\"name\":\"MEID\u00c4N METS\u00c4MME \u2011kansalaisliike\",\"description\":\"Pidet\u00e4\u00e4n metsist\u00e4mme parempaa huolta\",\"publisher\":{\"@id\":\"https:\\\/\\\/meidanmetsamme.org\\\/#organization\"},\"potentialAction\":[{\"@type\":\"SearchAction\",\"target\":{\"@type\":\"EntryPoint\",\"urlTemplate\":\"https:\\\/\\\/meidanmetsamme.org\\\/?s={search_term_string}\"},\"query-input\":{\"@type\":\"PropertyValueSpecification\",\"valueRequired\":true,\"valueName\":\"search_term_string\"}}],\"inLanguage\":\"fi\"},{\"@type\":\"Organization\",\"@id\":\"https:\\\/\\\/meidanmetsamme.org\\\/#organization\",\"name\":\"MEID\u00c4N METS\u00c4MME \u2011kansalaisliike\",\"url\":\"https:\\\/\\\/meidanmetsamme.org\\\/\",\"logo\":{\"@type\":\"ImageObject\",\"inLanguage\":\"fi\",\"@id\":\"https:\\\/\\\/meidanmetsamme.org\\\/#\\\/schema\\\/logo\\\/image\\\/\",\"url\":\"https:\\\/\\\/meidanmetsamme.org\\\/wp-content\\\/uploads\\\/2019\\\/10\\\/cropped-meidanmetsamme-logo-ellipse-200px.png\",\"contentUrl\":\"https:\\\/\\\/meidanmetsamme.org\\\/wp-content\\\/uploads\\\/2019\\\/10\\\/cropped-meidanmetsamme-logo-ellipse-200px.png\",\"width\":200,\"height\":123,\"caption\":\"MEID\u00c4N METS\u00c4MME \u2011kansalaisliike\"},\"image\":{\"@id\":\"https:\\\/\\\/meidanmetsamme.org\\\/#\\\/schema\\\/logo\\\/image\\\/\"}},{\"@type\":\"Person\",\"@id\":\"https:\\\/\\\/meidanmetsamme.org\\\/#\\\/schema\\\/person\\\/c361505b08ba43e300bb65a97b7a25cb\",\"name\":\"teemule\",\"url\":\"https:\\\/\\\/meidanmetsamme.org\\\/index.php\\\/author\\\/teemule\\\/\"}]}<\/script>\n<!-- \/ Yoast SEO plugin. -->","yoast_head_json":{"title":"Mink\u00e4lainen on mets\u00e4suhteemme ja metsiemme tulevaisuus \u2013 t\u00e4st\u00e4 keskusteltiin Riihim\u00e4ell\u00e4 eri j\u00e4rjest\u00f6edustajien kesken - MEID\u00c4N METS\u00c4MME \u2011kansalaisliike","robots":{"index":"index","follow":"follow","max-snippet":"max-snippet:-1","max-image-preview":"max-image-preview:large","max-video-preview":"max-video-preview:-1"},"canonical":"https:\/\/meidanmetsamme.org\/index.php\/2019\/04\/04\/minkalainen-on-metsasuhteemme-ja-metsiemme-tulevaisuus-tasta-keskusteltiin-riihimaella-eri-jarjestoedustajien-kesken\/","og_locale":"fi_FI","og_type":"article","og_title":"Mink\u00e4lainen on mets\u00e4suhteemme ja metsiemme tulevaisuus \u2013 t\u00e4st\u00e4 keskusteltiin Riihim\u00e4ell\u00e4 eri j\u00e4rjest\u00f6edustajien kesken - MEID\u00c4N METS\u00c4MME \u2011kansalaisliike","og_description":"Meid\u00e4n mets\u00e4mme -ty\u00f6ryhm\u00e4 kutsui jo toisen kerran mets\u00e4alan asiantuntijoita ja vaikuttajia mets\u00e4dialogiin vaihtamaan ajatuksia mets\u00e4- ja luontosuhteestamme sek\u00e4 metsiemme k\u00e4yt\u00f6n kest\u00e4vyydest\u00e4 elinymp\u00e4rist\u00f6jen muuttuessa. Pohdittiin my\u00f6s mink\u00e4laisia mets\u00e4mme ovat tulevaisuudessa, sadan vuoden kuluttua. Mielipide-eroja l\u00f6ytyi metsien hy\u00f6dynt\u00e4misen asteesta, suojelutarpeesta, mets\u00e4nk\u00e4yt\u00f6n keinoista ja niiden vaikuttavuudesta. N\u00e4ist\u00e4 n\u00e4kemysten aste-eroista huolimatta, kaikki kuitenkin pitiv\u00e4t metsiemme turvaamista t\u00e4rke\u00e4n\u00e4 hyvinvointimme ja&hellip; Jatka lukemista Mink\u00e4lainen on mets\u00e4suhteemme ja metsiemme tulevaisuus \u2013 t\u00e4st\u00e4 keskusteltiin Riihim\u00e4ell\u00e4 eri j\u00e4rjest\u00f6edustajien kesken","og_url":"https:\/\/meidanmetsamme.org\/index.php\/2019\/04\/04\/minkalainen-on-metsasuhteemme-ja-metsiemme-tulevaisuus-tasta-keskusteltiin-riihimaella-eri-jarjestoedustajien-kesken\/","og_site_name":"MEID\u00c4N METS\u00c4MME \u2011kansalaisliike","article_published_time":"2019-04-04T07:10:52+00:00","article_modified_time":"2019-06-27T04:01:27+00:00","og_image":[{"width":640,"height":480,"url":"https:\/\/meidanmetsamme.org\/wp-content\/uploads\/2019\/04\/IMG_4076-Small-1.jpg","type":"image\/jpeg"}],"author":"teemule","twitter_card":"summary_large_image","twitter_misc":{"Kirjoittanut":"teemule","Arvioitu lukuaika":"1 minuutti"},"schema":{"@context":"https:\/\/schema.org","@graph":[{"@type":"Article","@id":"https:\/\/meidanmetsamme.org\/index.php\/2019\/04\/04\/minkalainen-on-metsasuhteemme-ja-metsiemme-tulevaisuus-tasta-keskusteltiin-riihimaella-eri-jarjestoedustajien-kesken\/#article","isPartOf":{"@id":"https:\/\/meidanmetsamme.org\/index.php\/2019\/04\/04\/minkalainen-on-metsasuhteemme-ja-metsiemme-tulevaisuus-tasta-keskusteltiin-riihimaella-eri-jarjestoedustajien-kesken\/"},"author":{"name":"teemule","@id":"https:\/\/meidanmetsamme.org\/#\/schema\/person\/c361505b08ba43e300bb65a97b7a25cb"},"headline":"Mink\u00e4lainen on mets\u00e4suhteemme ja metsiemme tulevaisuus \u2013 t\u00e4st\u00e4 keskusteltiin Riihim\u00e4ell\u00e4 eri j\u00e4rjest\u00f6edustajien kesken","datePublished":"2019-04-04T07:10:52+00:00","dateModified":"2019-06-27T04:01:27+00:00","mainEntityOfPage":{"@id":"https:\/\/meidanmetsamme.org\/index.php\/2019\/04\/04\/minkalainen-on-metsasuhteemme-ja-metsiemme-tulevaisuus-tasta-keskusteltiin-riihimaella-eri-jarjestoedustajien-kesken\/"},"wordCount":194,"publisher":{"@id":"https:\/\/meidanmetsamme.org\/#organization"},"image":{"@id":"https:\/\/meidanmetsamme.org\/index.php\/2019\/04\/04\/minkalainen-on-metsasuhteemme-ja-metsiemme-tulevaisuus-tasta-keskusteltiin-riihimaella-eri-jarjestoedustajien-kesken\/#primaryimage"},"thumbnailUrl":"https:\/\/meidanmetsamme.org\/wp-content\/uploads\/2019\/04\/IMG_4076-Small-1.jpg","articleSection":["#meid\u00e4nmets\u00e4mme","Uutinen"],"inLanguage":"fi"},{"@type":"WebPage","@id":"https:\/\/meidanmetsamme.org\/index.php\/2019\/04\/04\/minkalainen-on-metsasuhteemme-ja-metsiemme-tulevaisuus-tasta-keskusteltiin-riihimaella-eri-jarjestoedustajien-kesken\/","url":"https:\/\/meidanmetsamme.org\/index.php\/2019\/04\/04\/minkalainen-on-metsasuhteemme-ja-metsiemme-tulevaisuus-tasta-keskusteltiin-riihimaella-eri-jarjestoedustajien-kesken\/","name":"Mink\u00e4lainen on mets\u00e4suhteemme ja metsiemme tulevaisuus \u2013 t\u00e4st\u00e4 keskusteltiin Riihim\u00e4ell\u00e4 eri j\u00e4rjest\u00f6edustajien kesken - MEID\u00c4N METS\u00c4MME \u2011kansalaisliike","isPartOf":{"@id":"https:\/\/meidanmetsamme.org\/#website"},"primaryImageOfPage":{"@id":"https:\/\/meidanmetsamme.org\/index.php\/2019\/04\/04\/minkalainen-on-metsasuhteemme-ja-metsiemme-tulevaisuus-tasta-keskusteltiin-riihimaella-eri-jarjestoedustajien-kesken\/#primaryimage"},"image":{"@id":"https:\/\/meidanmetsamme.org\/index.php\/2019\/04\/04\/minkalainen-on-metsasuhteemme-ja-metsiemme-tulevaisuus-tasta-keskusteltiin-riihimaella-eri-jarjestoedustajien-kesken\/#primaryimage"},"thumbnailUrl":"https:\/\/meidanmetsamme.org\/wp-content\/uploads\/2019\/04\/IMG_4076-Small-1.jpg","datePublished":"2019-04-04T07:10:52+00:00","dateModified":"2019-06-27T04:01:27+00:00","breadcrumb":{"@id":"https:\/\/meidanmetsamme.org\/index.php\/2019\/04\/04\/minkalainen-on-metsasuhteemme-ja-metsiemme-tulevaisuus-tasta-keskusteltiin-riihimaella-eri-jarjestoedustajien-kesken\/#breadcrumb"},"inLanguage":"fi","potentialAction":[{"@type":"ReadAction","target":["https:\/\/meidanmetsamme.org\/index.php\/2019\/04\/04\/minkalainen-on-metsasuhteemme-ja-metsiemme-tulevaisuus-tasta-keskusteltiin-riihimaella-eri-jarjestoedustajien-kesken\/"]}]},{"@type":"ImageObject","inLanguage":"fi","@id":"https:\/\/meidanmetsamme.org\/index.php\/2019\/04\/04\/minkalainen-on-metsasuhteemme-ja-metsiemme-tulevaisuus-tasta-keskusteltiin-riihimaella-eri-jarjestoedustajien-kesken\/#primaryimage","url":"https:\/\/meidanmetsamme.org\/wp-content\/uploads\/2019\/04\/IMG_4076-Small-1.jpg","contentUrl":"https:\/\/meidanmetsamme.org\/wp-content\/uploads\/2019\/04\/IMG_4076-Small-1.jpg","width":640,"height":480},{"@type":"BreadcrumbList","@id":"https:\/\/meidanmetsamme.org\/index.php\/2019\/04\/04\/minkalainen-on-metsasuhteemme-ja-metsiemme-tulevaisuus-tasta-keskusteltiin-riihimaella-eri-jarjestoedustajien-kesken\/#breadcrumb","itemListElement":[{"@type":"ListItem","position":1,"name":"Home","item":"https:\/\/meidanmetsamme.org\/"},{"@type":"ListItem","position":2,"name":"Mink\u00e4lainen on mets\u00e4suhteemme ja metsiemme tulevaisuus \u2013 t\u00e4st\u00e4 keskusteltiin Riihim\u00e4ell\u00e4 eri j\u00e4rjest\u00f6edustajien kesken"}]},{"@type":"WebSite","@id":"https:\/\/meidanmetsamme.org\/#website","url":"https:\/\/meidanmetsamme.org\/","name":"MEID\u00c4N METS\u00c4MME \u2011kansalaisliike","description":"Pidet\u00e4\u00e4n metsist\u00e4mme parempaa huolta","publisher":{"@id":"https:\/\/meidanmetsamme.org\/#organization"},"potentialAction":[{"@type":"SearchAction","target":{"@type":"EntryPoint","urlTemplate":"https:\/\/meidanmetsamme.org\/?s={search_term_string}"},"query-input":{"@type":"PropertyValueSpecification","valueRequired":true,"valueName":"search_term_string"}}],"inLanguage":"fi"},{"@type":"Organization","@id":"https:\/\/meidanmetsamme.org\/#organization","name":"MEID\u00c4N METS\u00c4MME \u2011kansalaisliike","url":"https:\/\/meidanmetsamme.org\/","logo":{"@type":"ImageObject","inLanguage":"fi","@id":"https:\/\/meidanmetsamme.org\/#\/schema\/logo\/image\/","url":"https:\/\/meidanmetsamme.org\/wp-content\/uploads\/2019\/10\/cropped-meidanmetsamme-logo-ellipse-200px.png","contentUrl":"https:\/\/meidanmetsamme.org\/wp-content\/uploads\/2019\/10\/cropped-meidanmetsamme-logo-ellipse-200px.png","width":200,"height":123,"caption":"MEID\u00c4N METS\u00c4MME \u2011kansalaisliike"},"image":{"@id":"https:\/\/meidanmetsamme.org\/#\/schema\/logo\/image\/"}},{"@type":"Person","@id":"https:\/\/meidanmetsamme.org\/#\/schema\/person\/c361505b08ba43e300bb65a97b7a25cb","name":"teemule","url":"https:\/\/meidanmetsamme.org\/index.php\/author\/teemule\/"}]}},"_links":{"self":[{"href":"https:\/\/meidanmetsamme.org\/index.php\/wp-json\/wp\/v2\/posts\/572","targetHints":{"allow":["GET"]}}],"collection":[{"href":"https:\/\/meidanmetsamme.org\/index.php\/wp-json\/wp\/v2\/posts"}],"about":[{"href":"https:\/\/meidanmetsamme.org\/index.php\/wp-json\/wp\/v2\/types\/post"}],"author":[{"embeddable":true,"href":"https:\/\/meidanmetsamme.org\/index.php\/wp-json\/wp\/v2\/users\/1"}],"replies":[{"embeddable":true,"href":"https:\/\/meidanmetsamme.org\/index.php\/wp-json\/wp\/v2\/comments?post=572"}],"version-history":[{"count":2,"href":"https:\/\/meidanmetsamme.org\/index.php\/wp-json\/wp\/v2\/posts\/572\/revisions"}],"predecessor-version":[{"id":589,"href":"https:\/\/meidanmetsamme.org\/index.php\/wp-json\/wp\/v2\/posts\/572\/revisions\/589"}],"wp:featuredmedia":[{"embeddable":true,"href":"https:\/\/meidanmetsamme.org\/index.php\/wp-json\/wp\/v2\/media\/574"}],"wp:attachment":[{"href":"https:\/\/meidanmetsamme.org\/index.php\/wp-json\/wp\/v2\/media?parent=572"}],"wp:term":[{"taxonomy":"category","embeddable":true,"href":"https:\/\/meidanmetsamme.org\/index.php\/wp-json\/wp\/v2\/categories?post=572"},{"taxonomy":"post_tag","embeddable":true,"href":"https:\/\/meidanmetsamme.org\/index.php\/wp-json\/wp\/v2\/tags?post=572"}],"curies":[{"name":"wp","href":"https:\/\/api.w.org\/{rel}","templated":true}]}}