{"id":773,"date":"2021-03-26T12:10:27","date_gmt":"2021-03-26T10:10:27","guid":{"rendered":"http:\/\/meidanmetsamme.org\/?p=773"},"modified":"2021-04-13T13:32:16","modified_gmt":"2021-04-13T10:32:16","slug":"vetoomus-kirkon-metsien-monmuotoisuuden-turvaamisesta","status":"publish","type":"post","link":"https:\/\/meidanmetsamme.org\/index.php\/2021\/03\/26\/vetoomus-kirkon-metsien-monmuotoisuuden-turvaamisesta\/","title":{"rendered":"Vetoomus kirkon metsien monimuotoisuuden turvaamisesta"},"content":{"rendered":"\n<p>Meid\u00e4n mets\u00e4mme -kansalaisliike on l\u00e4hett\u00e4nyt kirkolle vetoomuksen kirkon metsien monimuotoisuuden turvaamisesta. Vetoomusadressiin ker\u00e4t\u00e4\u00e4n allekirjoituksia viel\u00e4 5.4. asti.<\/p>\n\n\n\n<p>Ovatko seurakuntien ja seurakuntayhtymien p\u00e4\u00e4tt\u00e4j\u00e4t, piispat ja muut toimihenkil\u00f6t tietoisia mets\u00e4luonnon monimuotoisuuden k\u00f6yhtymisest\u00e4 ja tavoista suojella ja varjella vastuulleen saamaa mets\u00e4omaisuutta?<\/p>\n\n\n\n<ul class=\"wp-block-list\"><li><a href=\"http:\/\/meidanmetsamme.org\/wp-content\/uploads\/2020\/11\/Vetoomus_hiippakuntavaltuustolle.pdf\">Vetoomus hiippakuntavaltuustolle<\/a> \/ <a href=\"http:\/\/meidanmetsamme.org\/wp-content\/uploads\/2020\/11\/Brev_till_stiftsfullmaktige.pdf\">Brev till stiftsfullm\u00e4ktige<\/a><\/li><li><a href=\"http:\/\/meidanmetsamme.org\/wp-content\/uploads\/2020\/11\/Tiedote201109.pdf\">Lehdist\u00f6tiedote 9.11.2020<\/a> \/ <a href=\"http:\/\/meidanmetsamme.org\/wp-content\/uploads\/2020\/11\/Pressmeddelande201109.pdf\">Pressmeddelande 9.11.2020<\/a> <\/li><\/ul>\n\n\n\n<h2 class=\"wp-block-heading\">Viel\u00e4 ehdit allekirjoittaa adressin ja jakaa tietoa eteenp\u00e4in<\/h2>\n\n\n\n<p><a href=\"https:\/\/www.adressit.com\/kirkon_metsien_monimuotoisuus_turvattava\">Allekirjoittamalla t\u00e4st\u00e4 linkist\u00e4 adressit.com-palvelussa olevan saman aloitteen voit vahvistaa \u00e4\u00e4nt\u00e4mme vetoomuksen vastaanottajille!<\/a><\/p>\n\n\n\n<p>Adressin voi allekirjoittaa viel\u00e4 5.4.2021 saakka. T\u00e4m\u00e4n j\u00e4lkeen toimitamme sen seurakuntien metsist\u00e4 p\u00e4\u00e4tt\u00e4ville tai n\u00e4ist\u00e4 asioista linjaaville tahoille, kuten hiippakunnille ja kirkolliskokoukselle.<\/p>\n","protected":false},"excerpt":{"rendered":"<p>Meid\u00e4n mets\u00e4mme -kansalaisliike on l\u00e4hett\u00e4nyt kirkolle vetoomuksen kirkon metsien monimuotoisuuden turvaamisesta. Vetoomusadressiin ker\u00e4t\u00e4\u00e4n allekirjoituksia viel\u00e4 5.4. asti. Ovatko seurakuntien ja seurakuntayhtymien p\u00e4\u00e4tt\u00e4j\u00e4t, piispat ja muut toimihenkil\u00f6t tietoisia mets\u00e4luonnon monimuotoisuuden k\u00f6yhtymisest\u00e4 ja tavoista suojella ja varjella vastuulleen saamaa mets\u00e4omaisuutta? Vetoomus hiippakuntavaltuustolle \/ Brev till stiftsfullm\u00e4ktige Lehdist\u00f6tiedote 9.11.2020 \/ Pressmeddelande 9.11.2020 Viel\u00e4 ehdit allekirjoittaa adressin ja jakaa&hellip; <a class=\"more-link\" href=\"https:\/\/meidanmetsamme.org\/index.php\/2021\/03\/26\/vetoomus-kirkon-metsien-monmuotoisuuden-turvaamisesta\/\">Jatka lukemista <span class=\"screen-reader-text\">Vetoomus kirkon metsien monimuotoisuuden turvaamisesta<\/span><\/a><\/p>\n","protected":false},"author":1,"featured_media":225,"comment_status":"closed","ping_status":"closed","sticky":false,"template":"","format":"standard","meta":{"footnotes":""},"categories":[52],"tags":[],"class_list":["post-773","post","type-post","status-publish","format-standard","has-post-thumbnail","hentry","category-meidanmetsamme","entry"],"yoast_head":"<!-- This site is optimized with the Yoast SEO plugin v27.4 - https:\/\/yoast.com\/product\/yoast-seo-wordpress\/ -->\n<title>Vetoomus kirkon metsien monimuotoisuuden turvaamisesta - MEID\u00c4N METS\u00c4MME \u2011kansalaisliike<\/title>\n<meta name=\"robots\" content=\"index, follow, max-snippet:-1, max-image-preview:large, max-video-preview:-1\" \/>\n<link rel=\"canonical\" href=\"https:\/\/meidanmetsamme.org\/index.php\/2021\/03\/26\/vetoomus-kirkon-metsien-monmuotoisuuden-turvaamisesta\/\" \/>\n<meta property=\"og:locale\" content=\"fi_FI\" \/>\n<meta property=\"og:type\" content=\"article\" \/>\n<meta property=\"og:title\" content=\"Vetoomus kirkon metsien monimuotoisuuden turvaamisesta - MEID\u00c4N METS\u00c4MME \u2011kansalaisliike\" \/>\n<meta property=\"og:description\" content=\"Meid\u00e4n mets\u00e4mme -kansalaisliike on l\u00e4hett\u00e4nyt kirkolle vetoomuksen kirkon metsien monimuotoisuuden turvaamisesta. Vetoomusadressiin ker\u00e4t\u00e4\u00e4n allekirjoituksia viel\u00e4 5.4. asti. Ovatko seurakuntien ja seurakuntayhtymien p\u00e4\u00e4tt\u00e4j\u00e4t, piispat ja muut toimihenkil\u00f6t tietoisia mets\u00e4luonnon monimuotoisuuden k\u00f6yhtymisest\u00e4 ja tavoista suojella ja varjella vastuulleen saamaa mets\u00e4omaisuutta? Vetoomus hiippakuntavaltuustolle \/ Brev till stiftsfullm\u00e4ktige Lehdist\u00f6tiedote 9.11.2020 \/ Pressmeddelande 9.11.2020 Viel\u00e4 ehdit allekirjoittaa adressin ja jakaa&hellip; Jatka lukemista Vetoomus kirkon metsien monimuotoisuuden turvaamisesta\" \/>\n<meta property=\"og:url\" content=\"https:\/\/meidanmetsamme.org\/index.php\/2021\/03\/26\/vetoomus-kirkon-metsien-monmuotoisuuden-turvaamisesta\/\" \/>\n<meta property=\"og:site_name\" content=\"MEID\u00c4N METS\u00c4MME \u2011kansalaisliike\" \/>\n<meta property=\"article:published_time\" content=\"2021-03-26T10:10:27+00:00\" \/>\n<meta property=\"article:modified_time\" content=\"2021-04-13T10:32:16+00:00\" \/>\n<meta property=\"og:image\" content=\"https:\/\/meidanmetsamme.org\/wp-content\/uploads\/2018\/08\/salonluonnonmetsa.jpg\" \/>\n\t<meta property=\"og:image:width\" content=\"966\" \/>\n\t<meta property=\"og:image:height\" content=\"940\" \/>\n\t<meta property=\"og:image:type\" content=\"image\/jpeg\" \/>\n<meta name=\"author\" content=\"teemule\" \/>\n<meta name=\"twitter:card\" content=\"summary_large_image\" \/>\n<meta name=\"twitter:label1\" content=\"Kirjoittanut\" \/>\n\t<meta name=\"twitter:data1\" content=\"teemule\" \/>\n\t<meta name=\"twitter:label2\" content=\"Arvioitu lukuaika\" \/>\n\t<meta name=\"twitter:data2\" content=\"1 minuutti\" \/>\n<script type=\"application\/ld+json\" class=\"yoast-schema-graph\">{\"@context\":\"https:\\\/\\\/schema.org\",\"@graph\":[{\"@type\":\"Article\",\"@id\":\"https:\\\/\\\/meidanmetsamme.org\\\/index.php\\\/2021\\\/03\\\/26\\\/vetoomus-kirkon-metsien-monmuotoisuuden-turvaamisesta\\\/#article\",\"isPartOf\":{\"@id\":\"https:\\\/\\\/meidanmetsamme.org\\\/index.php\\\/2021\\\/03\\\/26\\\/vetoomus-kirkon-metsien-monmuotoisuuden-turvaamisesta\\\/\"},\"author\":{\"name\":\"teemule\",\"@id\":\"https:\\\/\\\/meidanmetsamme.org\\\/#\\\/schema\\\/person\\\/c361505b08ba43e300bb65a97b7a25cb\"},\"headline\":\"Vetoomus kirkon metsien monimuotoisuuden turvaamisesta\",\"datePublished\":\"2021-03-26T10:10:27+00:00\",\"dateModified\":\"2021-04-13T10:32:16+00:00\",\"mainEntityOfPage\":{\"@id\":\"https:\\\/\\\/meidanmetsamme.org\\\/index.php\\\/2021\\\/03\\\/26\\\/vetoomus-kirkon-metsien-monmuotoisuuden-turvaamisesta\\\/\"},\"wordCount\":115,\"publisher\":{\"@id\":\"https:\\\/\\\/meidanmetsamme.org\\\/#organization\"},\"image\":{\"@id\":\"https:\\\/\\\/meidanmetsamme.org\\\/index.php\\\/2021\\\/03\\\/26\\\/vetoomus-kirkon-metsien-monmuotoisuuden-turvaamisesta\\\/#primaryimage\"},\"thumbnailUrl\":\"https:\\\/\\\/meidanmetsamme.org\\\/wp-content\\\/uploads\\\/2018\\\/08\\\/salonluonnonmetsa.jpg\",\"articleSection\":[\"#meid\u00e4nmets\u00e4mme\"],\"inLanguage\":\"fi\"},{\"@type\":\"WebPage\",\"@id\":\"https:\\\/\\\/meidanmetsamme.org\\\/index.php\\\/2021\\\/03\\\/26\\\/vetoomus-kirkon-metsien-monmuotoisuuden-turvaamisesta\\\/\",\"url\":\"https:\\\/\\\/meidanmetsamme.org\\\/index.php\\\/2021\\\/03\\\/26\\\/vetoomus-kirkon-metsien-monmuotoisuuden-turvaamisesta\\\/\",\"name\":\"Vetoomus kirkon metsien monimuotoisuuden turvaamisesta - MEID\u00c4N METS\u00c4MME \u2011kansalaisliike\",\"isPartOf\":{\"@id\":\"https:\\\/\\\/meidanmetsamme.org\\\/#website\"},\"primaryImageOfPage\":{\"@id\":\"https:\\\/\\\/meidanmetsamme.org\\\/index.php\\\/2021\\\/03\\\/26\\\/vetoomus-kirkon-metsien-monmuotoisuuden-turvaamisesta\\\/#primaryimage\"},\"image\":{\"@id\":\"https:\\\/\\\/meidanmetsamme.org\\\/index.php\\\/2021\\\/03\\\/26\\\/vetoomus-kirkon-metsien-monmuotoisuuden-turvaamisesta\\\/#primaryimage\"},\"thumbnailUrl\":\"https:\\\/\\\/meidanmetsamme.org\\\/wp-content\\\/uploads\\\/2018\\\/08\\\/salonluonnonmetsa.jpg\",\"datePublished\":\"2021-03-26T10:10:27+00:00\",\"dateModified\":\"2021-04-13T10:32:16+00:00\",\"breadcrumb\":{\"@id\":\"https:\\\/\\\/meidanmetsamme.org\\\/index.php\\\/2021\\\/03\\\/26\\\/vetoomus-kirkon-metsien-monmuotoisuuden-turvaamisesta\\\/#breadcrumb\"},\"inLanguage\":\"fi\",\"potentialAction\":[{\"@type\":\"ReadAction\",\"target\":[\"https:\\\/\\\/meidanmetsamme.org\\\/index.php\\\/2021\\\/03\\\/26\\\/vetoomus-kirkon-metsien-monmuotoisuuden-turvaamisesta\\\/\"]}]},{\"@type\":\"ImageObject\",\"inLanguage\":\"fi\",\"@id\":\"https:\\\/\\\/meidanmetsamme.org\\\/index.php\\\/2021\\\/03\\\/26\\\/vetoomus-kirkon-metsien-monmuotoisuuden-turvaamisesta\\\/#primaryimage\",\"url\":\"https:\\\/\\\/meidanmetsamme.org\\\/wp-content\\\/uploads\\\/2018\\\/08\\\/salonluonnonmetsa.jpg\",\"contentUrl\":\"https:\\\/\\\/meidanmetsamme.org\\\/wp-content\\\/uploads\\\/2018\\\/08\\\/salonluonnonmetsa.jpg\",\"width\":966,\"height\":940,\"caption\":\"Salon Luonnonmets\u00e4s\u00e4\u00e4ti\u00f6n arkisto\"},{\"@type\":\"BreadcrumbList\",\"@id\":\"https:\\\/\\\/meidanmetsamme.org\\\/index.php\\\/2021\\\/03\\\/26\\\/vetoomus-kirkon-metsien-monmuotoisuuden-turvaamisesta\\\/#breadcrumb\",\"itemListElement\":[{\"@type\":\"ListItem\",\"position\":1,\"name\":\"Home\",\"item\":\"https:\\\/\\\/meidanmetsamme.org\\\/\"},{\"@type\":\"ListItem\",\"position\":2,\"name\":\"Vetoomus kirkon metsien monimuotoisuuden turvaamisesta\"}]},{\"@type\":\"WebSite\",\"@id\":\"https:\\\/\\\/meidanmetsamme.org\\\/#website\",\"url\":\"https:\\\/\\\/meidanmetsamme.org\\\/\",\"name\":\"MEID\u00c4N METS\u00c4MME \u2011kansalaisliike\",\"description\":\"Pidet\u00e4\u00e4n metsist\u00e4mme parempaa huolta\",\"publisher\":{\"@id\":\"https:\\\/\\\/meidanmetsamme.org\\\/#organization\"},\"potentialAction\":[{\"@type\":\"SearchAction\",\"target\":{\"@type\":\"EntryPoint\",\"urlTemplate\":\"https:\\\/\\\/meidanmetsamme.org\\\/?s={search_term_string}\"},\"query-input\":{\"@type\":\"PropertyValueSpecification\",\"valueRequired\":true,\"valueName\":\"search_term_string\"}}],\"inLanguage\":\"fi\"},{\"@type\":\"Organization\",\"@id\":\"https:\\\/\\\/meidanmetsamme.org\\\/#organization\",\"name\":\"MEID\u00c4N METS\u00c4MME \u2011kansalaisliike\",\"url\":\"https:\\\/\\\/meidanmetsamme.org\\\/\",\"logo\":{\"@type\":\"ImageObject\",\"inLanguage\":\"fi\",\"@id\":\"https:\\\/\\\/meidanmetsamme.org\\\/#\\\/schema\\\/logo\\\/image\\\/\",\"url\":\"https:\\\/\\\/meidanmetsamme.org\\\/wp-content\\\/uploads\\\/2019\\\/10\\\/cropped-meidanmetsamme-logo-ellipse-200px.png\",\"contentUrl\":\"https:\\\/\\\/meidanmetsamme.org\\\/wp-content\\\/uploads\\\/2019\\\/10\\\/cropped-meidanmetsamme-logo-ellipse-200px.png\",\"width\":200,\"height\":123,\"caption\":\"MEID\u00c4N METS\u00c4MME \u2011kansalaisliike\"},\"image\":{\"@id\":\"https:\\\/\\\/meidanmetsamme.org\\\/#\\\/schema\\\/logo\\\/image\\\/\"}},{\"@type\":\"Person\",\"@id\":\"https:\\\/\\\/meidanmetsamme.org\\\/#\\\/schema\\\/person\\\/c361505b08ba43e300bb65a97b7a25cb\",\"name\":\"teemule\",\"url\":\"https:\\\/\\\/meidanmetsamme.org\\\/index.php\\\/author\\\/teemule\\\/\"}]}<\/script>\n<!-- \/ Yoast SEO plugin. -->","yoast_head_json":{"title":"Vetoomus kirkon metsien monimuotoisuuden turvaamisesta - MEID\u00c4N METS\u00c4MME \u2011kansalaisliike","robots":{"index":"index","follow":"follow","max-snippet":"max-snippet:-1","max-image-preview":"max-image-preview:large","max-video-preview":"max-video-preview:-1"},"canonical":"https:\/\/meidanmetsamme.org\/index.php\/2021\/03\/26\/vetoomus-kirkon-metsien-monmuotoisuuden-turvaamisesta\/","og_locale":"fi_FI","og_type":"article","og_title":"Vetoomus kirkon metsien monimuotoisuuden turvaamisesta - MEID\u00c4N METS\u00c4MME \u2011kansalaisliike","og_description":"Meid\u00e4n mets\u00e4mme -kansalaisliike on l\u00e4hett\u00e4nyt kirkolle vetoomuksen kirkon metsien monimuotoisuuden turvaamisesta. Vetoomusadressiin ker\u00e4t\u00e4\u00e4n allekirjoituksia viel\u00e4 5.4. asti. Ovatko seurakuntien ja seurakuntayhtymien p\u00e4\u00e4tt\u00e4j\u00e4t, piispat ja muut toimihenkil\u00f6t tietoisia mets\u00e4luonnon monimuotoisuuden k\u00f6yhtymisest\u00e4 ja tavoista suojella ja varjella vastuulleen saamaa mets\u00e4omaisuutta? Vetoomus hiippakuntavaltuustolle \/ Brev till stiftsfullm\u00e4ktige Lehdist\u00f6tiedote 9.11.2020 \/ Pressmeddelande 9.11.2020 Viel\u00e4 ehdit allekirjoittaa adressin ja jakaa&hellip; Jatka lukemista Vetoomus kirkon metsien monimuotoisuuden turvaamisesta","og_url":"https:\/\/meidanmetsamme.org\/index.php\/2021\/03\/26\/vetoomus-kirkon-metsien-monmuotoisuuden-turvaamisesta\/","og_site_name":"MEID\u00c4N METS\u00c4MME \u2011kansalaisliike","article_published_time":"2021-03-26T10:10:27+00:00","article_modified_time":"2021-04-13T10:32:16+00:00","og_image":[{"width":966,"height":940,"url":"https:\/\/meidanmetsamme.org\/wp-content\/uploads\/2018\/08\/salonluonnonmetsa.jpg","type":"image\/jpeg"}],"author":"teemule","twitter_card":"summary_large_image","twitter_misc":{"Kirjoittanut":"teemule","Arvioitu lukuaika":"1 minuutti"},"schema":{"@context":"https:\/\/schema.org","@graph":[{"@type":"Article","@id":"https:\/\/meidanmetsamme.org\/index.php\/2021\/03\/26\/vetoomus-kirkon-metsien-monmuotoisuuden-turvaamisesta\/#article","isPartOf":{"@id":"https:\/\/meidanmetsamme.org\/index.php\/2021\/03\/26\/vetoomus-kirkon-metsien-monmuotoisuuden-turvaamisesta\/"},"author":{"name":"teemule","@id":"https:\/\/meidanmetsamme.org\/#\/schema\/person\/c361505b08ba43e300bb65a97b7a25cb"},"headline":"Vetoomus kirkon metsien monimuotoisuuden turvaamisesta","datePublished":"2021-03-26T10:10:27+00:00","dateModified":"2021-04-13T10:32:16+00:00","mainEntityOfPage":{"@id":"https:\/\/meidanmetsamme.org\/index.php\/2021\/03\/26\/vetoomus-kirkon-metsien-monmuotoisuuden-turvaamisesta\/"},"wordCount":115,"publisher":{"@id":"https:\/\/meidanmetsamme.org\/#organization"},"image":{"@id":"https:\/\/meidanmetsamme.org\/index.php\/2021\/03\/26\/vetoomus-kirkon-metsien-monmuotoisuuden-turvaamisesta\/#primaryimage"},"thumbnailUrl":"https:\/\/meidanmetsamme.org\/wp-content\/uploads\/2018\/08\/salonluonnonmetsa.jpg","articleSection":["#meid\u00e4nmets\u00e4mme"],"inLanguage":"fi"},{"@type":"WebPage","@id":"https:\/\/meidanmetsamme.org\/index.php\/2021\/03\/26\/vetoomus-kirkon-metsien-monmuotoisuuden-turvaamisesta\/","url":"https:\/\/meidanmetsamme.org\/index.php\/2021\/03\/26\/vetoomus-kirkon-metsien-monmuotoisuuden-turvaamisesta\/","name":"Vetoomus kirkon metsien monimuotoisuuden turvaamisesta - MEID\u00c4N METS\u00c4MME \u2011kansalaisliike","isPartOf":{"@id":"https:\/\/meidanmetsamme.org\/#website"},"primaryImageOfPage":{"@id":"https:\/\/meidanmetsamme.org\/index.php\/2021\/03\/26\/vetoomus-kirkon-metsien-monmuotoisuuden-turvaamisesta\/#primaryimage"},"image":{"@id":"https:\/\/meidanmetsamme.org\/index.php\/2021\/03\/26\/vetoomus-kirkon-metsien-monmuotoisuuden-turvaamisesta\/#primaryimage"},"thumbnailUrl":"https:\/\/meidanmetsamme.org\/wp-content\/uploads\/2018\/08\/salonluonnonmetsa.jpg","datePublished":"2021-03-26T10:10:27+00:00","dateModified":"2021-04-13T10:32:16+00:00","breadcrumb":{"@id":"https:\/\/meidanmetsamme.org\/index.php\/2021\/03\/26\/vetoomus-kirkon-metsien-monmuotoisuuden-turvaamisesta\/#breadcrumb"},"inLanguage":"fi","potentialAction":[{"@type":"ReadAction","target":["https:\/\/meidanmetsamme.org\/index.php\/2021\/03\/26\/vetoomus-kirkon-metsien-monmuotoisuuden-turvaamisesta\/"]}]},{"@type":"ImageObject","inLanguage":"fi","@id":"https:\/\/meidanmetsamme.org\/index.php\/2021\/03\/26\/vetoomus-kirkon-metsien-monmuotoisuuden-turvaamisesta\/#primaryimage","url":"https:\/\/meidanmetsamme.org\/wp-content\/uploads\/2018\/08\/salonluonnonmetsa.jpg","contentUrl":"https:\/\/meidanmetsamme.org\/wp-content\/uploads\/2018\/08\/salonluonnonmetsa.jpg","width":966,"height":940,"caption":"Salon Luonnonmets\u00e4s\u00e4\u00e4ti\u00f6n arkisto"},{"@type":"BreadcrumbList","@id":"https:\/\/meidanmetsamme.org\/index.php\/2021\/03\/26\/vetoomus-kirkon-metsien-monmuotoisuuden-turvaamisesta\/#breadcrumb","itemListElement":[{"@type":"ListItem","position":1,"name":"Home","item":"https:\/\/meidanmetsamme.org\/"},{"@type":"ListItem","position":2,"name":"Vetoomus kirkon metsien monimuotoisuuden turvaamisesta"}]},{"@type":"WebSite","@id":"https:\/\/meidanmetsamme.org\/#website","url":"https:\/\/meidanmetsamme.org\/","name":"MEID\u00c4N METS\u00c4MME \u2011kansalaisliike","description":"Pidet\u00e4\u00e4n metsist\u00e4mme parempaa huolta","publisher":{"@id":"https:\/\/meidanmetsamme.org\/#organization"},"potentialAction":[{"@type":"SearchAction","target":{"@type":"EntryPoint","urlTemplate":"https:\/\/meidanmetsamme.org\/?s={search_term_string}"},"query-input":{"@type":"PropertyValueSpecification","valueRequired":true,"valueName":"search_term_string"}}],"inLanguage":"fi"},{"@type":"Organization","@id":"https:\/\/meidanmetsamme.org\/#organization","name":"MEID\u00c4N METS\u00c4MME \u2011kansalaisliike","url":"https:\/\/meidanmetsamme.org\/","logo":{"@type":"ImageObject","inLanguage":"fi","@id":"https:\/\/meidanmetsamme.org\/#\/schema\/logo\/image\/","url":"https:\/\/meidanmetsamme.org\/wp-content\/uploads\/2019\/10\/cropped-meidanmetsamme-logo-ellipse-200px.png","contentUrl":"https:\/\/meidanmetsamme.org\/wp-content\/uploads\/2019\/10\/cropped-meidanmetsamme-logo-ellipse-200px.png","width":200,"height":123,"caption":"MEID\u00c4N METS\u00c4MME \u2011kansalaisliike"},"image":{"@id":"https:\/\/meidanmetsamme.org\/#\/schema\/logo\/image\/"}},{"@type":"Person","@id":"https:\/\/meidanmetsamme.org\/#\/schema\/person\/c361505b08ba43e300bb65a97b7a25cb","name":"teemule","url":"https:\/\/meidanmetsamme.org\/index.php\/author\/teemule\/"}]}},"_links":{"self":[{"href":"https:\/\/meidanmetsamme.org\/index.php\/wp-json\/wp\/v2\/posts\/773","targetHints":{"allow":["GET"]}}],"collection":[{"href":"https:\/\/meidanmetsamme.org\/index.php\/wp-json\/wp\/v2\/posts"}],"about":[{"href":"https:\/\/meidanmetsamme.org\/index.php\/wp-json\/wp\/v2\/types\/post"}],"author":[{"embeddable":true,"href":"https:\/\/meidanmetsamme.org\/index.php\/wp-json\/wp\/v2\/users\/1"}],"replies":[{"embeddable":true,"href":"https:\/\/meidanmetsamme.org\/index.php\/wp-json\/wp\/v2\/comments?post=773"}],"version-history":[{"count":11,"href":"https:\/\/meidanmetsamme.org\/index.php\/wp-json\/wp\/v2\/posts\/773\/revisions"}],"predecessor-version":[{"id":1884,"href":"https:\/\/meidanmetsamme.org\/index.php\/wp-json\/wp\/v2\/posts\/773\/revisions\/1884"}],"wp:featuredmedia":[{"embeddable":true,"href":"https:\/\/meidanmetsamme.org\/index.php\/wp-json\/wp\/v2\/media\/225"}],"wp:attachment":[{"href":"https:\/\/meidanmetsamme.org\/index.php\/wp-json\/wp\/v2\/media?parent=773"}],"wp:term":[{"taxonomy":"category","embeddable":true,"href":"https:\/\/meidanmetsamme.org\/index.php\/wp-json\/wp\/v2\/categories?post=773"},{"taxonomy":"post_tag","embeddable":true,"href":"https:\/\/meidanmetsamme.org\/index.php\/wp-json\/wp\/v2\/tags?post=773"}],"curies":[{"name":"wp","href":"https:\/\/api.w.org\/{rel}","templated":true}]}}